{"id":2964,"date":"2022-05-30T15:22:13","date_gmt":"2022-05-30T13:22:13","guid":{"rendered":"http:\/\/realnews-beilngries.de\/?p=2964"},"modified":"2022-05-30T15:22:13","modified_gmt":"2022-05-30T13:22:13","slug":"ein-tag-in-griechenland","status":"publish","type":"post","link":"http:\/\/realnews-beilngries.de\/?p=2964","title":{"rendered":"Ein Tag in Griechenland!"},"content":{"rendered":"\n<p><em><strong>In diesem Schuljahr veranstaltete die Klasse 6b mit den Lehrkr\u00e4ften Herrn Kirsch und Frau Scheuerer im Mehrzweckraum der Altm\u00fchltal-Realschule Beilngries einen f\u00e4cher\u00fcbergreifenden Projekttag, an dem es ausschlie\u00dflich um das Thema &#8222;Griechenland&#8220; ging.<\/strong> (Ein Bericht von Laurin.)<\/em><\/p>\n\n\n\n<p>An diesem Tag mussten die Sch\u00fcler*innen ein Referat halten (z. B. \u00fcber das Trojanische Pferd, Griechenland in der EU und Alexander den Gro\u00dfen), das mithilfe einer PowerPoint-Datei, eines Plakats, eines Comics oder eines Modells pr\u00e4sentiert werden konnte. Dabei bestand eine Gruppe aus drei Personen, die jeweils zwei Wochen Zeit hatten, ihre Pr\u00e4sentation zu gestalten. Au\u00dferdem durften sie sich vorher ihr Thema selbst aussuchen.<\/p>\n\n\n\n<div class=\"wp-block-image\"><figure class=\"aligncenter size-large\"><img decoding=\"async\" loading=\"lazy\" width=\"940\" height=\"712\" src=\"http:\/\/realnews-beilngries.de\/wp-content\/uploads\/2022\/05\/IMG-20220426-WA0003.jpg\" alt=\"\" class=\"wp-image-2967\" srcset=\"http:\/\/realnews-beilngries.de\/wp-content\/uploads\/2022\/05\/IMG-20220426-WA0003.jpg 940w, http:\/\/realnews-beilngries.de\/wp-content\/uploads\/2022\/05\/IMG-20220426-WA0003-300x227.jpg 300w, http:\/\/realnews-beilngries.de\/wp-content\/uploads\/2022\/05\/IMG-20220426-WA0003-768x582.jpg 768w\" sizes=\"(max-width: 940px) 100vw, 940px\" \/><\/figure><\/div>\n\n\n\n<p>Begleitend wurde auch ein Buffet organisiert, an dem es nur griechisches Essen gab. Auf die Idee war Frau Scheuerer gekommen, weil sie die Tatsache nutzen wollte, dass die Sch\u00fcler*innen in den F\u00e4chern Geographie, Deutsch und Geschichte das Thema &#8222;Griechenland&#8220; in etwa zur gleichen Zeit durchnehmen.<\/p>\n","protected":false},"excerpt":{"rendered":"<p>In diesem Schuljahr veranstaltete die Klasse 6b mit den Lehrkr\u00e4ften Herrn Kirsch und Frau Scheuerer im Mehrzweckraum der Altm\u00fchltal-Realschule Beilngries einen f\u00e4cher\u00fcbergreifenden Projekttag, an dem<\/p>\n","protected":false},"author":19,"featured_media":2966,"comment_status":"open","ping_status":"open","sticky":false,"template":"","format":"standard","meta":[],"categories":[5],"tags":[164],"_links":{"self":[{"href":"http:\/\/realnews-beilngries.de\/index.php?rest_route=\/wp\/v2\/posts\/2964"}],"collection":[{"href":"http:\/\/realnews-beilngries.de\/index.php?rest_route=\/wp\/v2\/posts"}],"about":[{"href":"http:\/\/realnews-beilngries.de\/index.php?rest_route=\/wp\/v2\/types\/post"}],"author":[{"embeddable":true,"href":"http:\/\/realnews-beilngries.de\/index.php?rest_route=\/wp\/v2\/users\/19"}],"replies":[{"embeddable":true,"href":"http:\/\/realnews-beilngries.de\/index.php?rest_route=%2Fwp%2Fv2%2Fcomments&post=2964"}],"version-history":[{"count":2,"href":"http:\/\/realnews-beilngries.de\/index.php?rest_route=\/wp\/v2\/posts\/2964\/revisions"}],"predecessor-version":[{"id":2968,"href":"http:\/\/realnews-beilngries.de\/index.php?rest_route=\/wp\/v2\/posts\/2964\/revisions\/2968"}],"wp:featuredmedia":[{"embeddable":true,"href":"http:\/\/realnews-beilngries.de\/index.php?rest_route=\/wp\/v2\/media\/2966"}],"wp:attachment":[{"href":"http:\/\/realnews-beilngries.de\/index.php?rest_route=%2Fwp%2Fv2%2Fmedia&parent=2964"}],"wp:term":[{"taxonomy":"category","embeddable":true,"href":"http:\/\/realnews-beilngries.de\/index.php?rest_route=%2Fwp%2Fv2%2Fcategories&post=2964"},{"taxonomy":"post_tag","embeddable":true,"href":"http:\/\/realnews-beilngries.de\/index.php?rest_route=%2Fwp%2Fv2%2Ftags&post=2964"}],"curies":[{"name":"wp","href":"https:\/\/api.w.org\/{rel}","templated":true}]}}