{"id":2865,"date":"2022-03-29T14:49:48","date_gmt":"2022-03-29T12:49:48","guid":{"rendered":"http:\/\/realnews-beilngries.de\/?p=2865"},"modified":"2022-03-29T14:52:16","modified_gmt":"2022-03-29T12:52:16","slug":"online-leseabend-der-klasse-6a","status":"publish","type":"post","link":"http:\/\/realnews-beilngries.de\/?p=2865","title":{"rendered":"Online-Leseabend der Klasse 6A!"},"content":{"rendered":"\n<p><em><strong>Nach der 6C hatten auch wir, die Klasse 6a der Altm\u00fchltal-Realschule Beilngries, unseren 2. Online-Leseabend. Die Idee dazu entstand w\u00e4hrend des Home-Schoolings 2021. Die erste Durchf\u00fchrung fanden wir Sch\u00fclerinnen und Sch\u00fcler so toll, dass das Ganze nun wiederholt wurde.<\/strong> (Ein Bericht von Sina Tretter.)<\/em><\/p>\n\n\n\n<p>F\u00fcr unseren zweiten freiwilligen Leseabend in Form einer Videokonferenz hatte unsere Klassenlehrerin Frau Fritz die B\u00fccher \u201eKrabat\u201c, \u201eSimpel\u201c, \u201eDer Junge im gestreiften Pyjama\u201c, \u201eDas fliegende Klassenzimmer\u201c, \u201eDie Kinder aus Theresienstadt\u201c und \u201eNicht mit mir\u201c ausgew\u00e4hlt und vorgestellt. Aus diesen durften wir per Online-Voting unsere Klassenlekt\u00fcre w\u00e4hlen. Die Wahl fiel auf \u201eDas fliegende Klassenzimmer\u201c. Die eh schon sehr gute Stimmung wurde noch besser, als Frau Fritz uns Geschichten aus dem \u201eGruselbus 2\u201c, sowie aus \u201e1000 Gefahren in der Schule des Schreckens\u201c vorlas.<\/p>\n\n\n\n<div class=\"wp-block-image\"><figure class=\"aligncenter size-large\"><img decoding=\"async\" loading=\"lazy\" width=\"1024\" height=\"546\" src=\"http:\/\/realnews-beilngries.de\/wp-content\/uploads\/2022\/03\/6A-1024x546.png\" alt=\"\" class=\"wp-image-2866\" srcset=\"http:\/\/realnews-beilngries.de\/wp-content\/uploads\/2022\/03\/6A-1024x546.png 1024w, http:\/\/realnews-beilngries.de\/wp-content\/uploads\/2022\/03\/6A-300x160.png 300w, http:\/\/realnews-beilngries.de\/wp-content\/uploads\/2022\/03\/6A-768x409.png 768w, http:\/\/realnews-beilngries.de\/wp-content\/uploads\/2022\/03\/6A.png 1366w\" sizes=\"(max-width: 1024px) 100vw, 1024px\" \/><figcaption>Die Lehrkraft liest vor &#8211; und das Publikum lauscht begeistert! \ud83d\ude42<\/figcaption><\/figure><\/div>\n\n\n\n<p><em>Realnews-Beilngries.de<\/em> meint: Das riecht doch sehr nach einer dritten Auflage des Online-Leseabends \u2013 v\u00f6llig unabh\u00e4ngig von Corona! \ud83d\ude09<\/p>\n","protected":false},"excerpt":{"rendered":"<p>Nach der 6C hatten auch wir, die Klasse 6a der Altm\u00fchltal-Realschule Beilngries, unseren 2. Online-Leseabend. Die Idee dazu entstand w\u00e4hrend des Home-Schoolings 2021. Die erste<\/p>\n","protected":false},"author":19,"featured_media":2866,"comment_status":"open","ping_status":"open","sticky":false,"template":"","format":"standard","meta":[],"categories":[5],"tags":[146],"_links":{"self":[{"href":"http:\/\/realnews-beilngries.de\/index.php?rest_route=\/wp\/v2\/posts\/2865"}],"collection":[{"href":"http:\/\/realnews-beilngries.de\/index.php?rest_route=\/wp\/v2\/posts"}],"about":[{"href":"http:\/\/realnews-beilngries.de\/index.php?rest_route=\/wp\/v2\/types\/post"}],"author":[{"embeddable":true,"href":"http:\/\/realnews-beilngries.de\/index.php?rest_route=\/wp\/v2\/users\/19"}],"replies":[{"embeddable":true,"href":"http:\/\/realnews-beilngries.de\/index.php?rest_route=%2Fwp%2Fv2%2Fcomments&post=2865"}],"version-history":[{"count":3,"href":"http:\/\/realnews-beilngries.de\/index.php?rest_route=\/wp\/v2\/posts\/2865\/revisions"}],"predecessor-version":[{"id":2869,"href":"http:\/\/realnews-beilngries.de\/index.php?rest_route=\/wp\/v2\/posts\/2865\/revisions\/2869"}],"wp:featuredmedia":[{"embeddable":true,"href":"http:\/\/realnews-beilngries.de\/index.php?rest_route=\/wp\/v2\/media\/2866"}],"wp:attachment":[{"href":"http:\/\/realnews-beilngries.de\/index.php?rest_route=%2Fwp%2Fv2%2Fmedia&parent=2865"}],"wp:term":[{"taxonomy":"category","embeddable":true,"href":"http:\/\/realnews-beilngries.de\/index.php?rest_route=%2Fwp%2Fv2%2Fcategories&post=2865"},{"taxonomy":"post_tag","embeddable":true,"href":"http:\/\/realnews-beilngries.de\/index.php?rest_route=%2Fwp%2Fv2%2Ftags&post=2865"}],"curies":[{"name":"wp","href":"https:\/\/api.w.org\/{rel}","templated":true}]}}