{"id":2837,"date":"2022-03-17T12:56:37","date_gmt":"2022-03-17T11:56:37","guid":{"rendered":"http:\/\/realnews-beilngries.de\/?p=2837"},"modified":"2022-03-17T12:58:59","modified_gmt":"2022-03-17T11:58:59","slug":"hereinspaziert-und-herzlich-willkommen-unsere-neuen-an-der-arb-2","status":"publish","type":"post","link":"http:\/\/realnews-beilngries.de\/?p=2837","title":{"rendered":"Hereinspaziert und herzlich willkommen: Interview mit Frau G\u00fcl und Herrn Pfeffer!"},"content":{"rendered":"\n<p><em><strong>Immer zu Beginn eines jeden Schuljahres sind an unserer Realschule einige neue Gesichter zu beobachten \u2013 sowohl unter den Sch\u00fclerinnen und Sch\u00fclern, als auch unter den Lehrkr\u00e4ften. Nach einem halben Jahr Eingew\u00f6hnungszeit hat das Team von Realnews-Beilngries.de nun Interviews mit den \u201eNeuen\u201c gef\u00fchrt \u2013 und dabei einige spannende Einblicke erhalten.<\/strong><\/em><\/p>\n\n\n\n<p>Heute gibt es unseren &#8222;Referendars-Doppelpack&#8220; &#8211; also die Interviews mit Frau G\u00fcl und Herrn Pfeffer, die beide im Rahmen ihrer Ausbildung zur Realschullehrkraft bei uns in Beilngries gelandet sind.<\/p>\n\n\n\n<p>Kleiner Tipp: Ihr m\u00fcsst euch unbedingt beide Interviews direkt nacheinander anschauen. Denn wer gedacht hat, dass Frauen immer viel erz\u00e4hlen und M\u00e4nner sich demgegen\u00fcber eher kurz fassen, wird hier eines Besseren belehrt&#8230; \ud83d\ude09<\/p>\n\n\n\n<figure class=\"wp-block-embed-youtube wp-block-embed is-type-video is-provider-youtube wp-embed-aspect-16-9 wp-has-aspect-ratio\"><div class=\"wp-block-embed__wrapper\">\n<iframe loading=\"lazy\" title=\"Interview Frau G\u00fcl - Altm\u00fchltal Realschule Beilngries\" width=\"780\" height=\"439\" src=\"https:\/\/www.youtube.com\/embed\/9uBP-noukZk?feature=oembed\" frameborder=\"0\" allow=\"accelerometer; autoplay; clipboard-write; encrypted-media; gyroscope; picture-in-picture\" allowfullscreen><\/iframe>\n<\/div><\/figure>\n\n\n\n<figure class=\"wp-block-embed-youtube wp-block-embed is-type-video is-provider-youtube wp-embed-aspect-16-9 wp-has-aspect-ratio\"><div class=\"wp-block-embed__wrapper\">\n<iframe loading=\"lazy\" title=\"Interview Herr Pfeffer - Altm\u00fchltal Realschule Beilngries\" width=\"780\" height=\"439\" src=\"https:\/\/www.youtube.com\/embed\/OjeJ-iM81Ak?feature=oembed\" frameborder=\"0\" allow=\"accelerometer; autoplay; clipboard-write; encrypted-media; gyroscope; picture-in-picture\" allowfullscreen><\/iframe>\n<\/div><\/figure>\n","protected":false},"excerpt":{"rendered":"<p>Immer zu Beginn eines jeden Schuljahres sind an unserer Realschule einige neue Gesichter zu beobachten \u2013 sowohl unter den Sch\u00fclerinnen und Sch\u00fclern, als auch unter<\/p>\n","protected":false},"author":19,"featured_media":2829,"comment_status":"open","ping_status":"open","sticky":false,"template":"","format":"standard","meta":[],"categories":[8,4],"tags":[147],"_links":{"self":[{"href":"http:\/\/realnews-beilngries.de\/index.php?rest_route=\/wp\/v2\/posts\/2837"}],"collection":[{"href":"http:\/\/realnews-beilngries.de\/index.php?rest_route=\/wp\/v2\/posts"}],"about":[{"href":"http:\/\/realnews-beilngries.de\/index.php?rest_route=\/wp\/v2\/types\/post"}],"author":[{"embeddable":true,"href":"http:\/\/realnews-beilngries.de\/index.php?rest_route=\/wp\/v2\/users\/19"}],"replies":[{"embeddable":true,"href":"http:\/\/realnews-beilngries.de\/index.php?rest_route=%2Fwp%2Fv2%2Fcomments&post=2837"}],"version-history":[{"count":2,"href":"http:\/\/realnews-beilngries.de\/index.php?rest_route=\/wp\/v2\/posts\/2837\/revisions"}],"predecessor-version":[{"id":2840,"href":"http:\/\/realnews-beilngries.de\/index.php?rest_route=\/wp\/v2\/posts\/2837\/revisions\/2840"}],"wp:featuredmedia":[{"embeddable":true,"href":"http:\/\/realnews-beilngries.de\/index.php?rest_route=\/wp\/v2\/media\/2829"}],"wp:attachment":[{"href":"http:\/\/realnews-beilngries.de\/index.php?rest_route=%2Fwp%2Fv2%2Fmedia&parent=2837"}],"wp:term":[{"taxonomy":"category","embeddable":true,"href":"http:\/\/realnews-beilngries.de\/index.php?rest_route=%2Fwp%2Fv2%2Fcategories&post=2837"},{"taxonomy":"post_tag","embeddable":true,"href":"http:\/\/realnews-beilngries.de\/index.php?rest_route=%2Fwp%2Fv2%2Ftags&post=2837"}],"curies":[{"name":"wp","href":"https:\/\/api.w.org\/{rel}","templated":true}]}}