{"id":2823,"date":"2022-02-25T09:10:49","date_gmt":"2022-02-25T08:10:49","guid":{"rendered":"http:\/\/realnews-beilngries.de\/?p=2823"},"modified":"2022-02-25T09:10:49","modified_gmt":"2022-02-25T08:10:49","slug":"fuer-ein-bisschen-faschings-froehlichkeit-corona-und-krieg-zum-trotz","status":"publish","type":"post","link":"http:\/\/realnews-beilngries.de\/?p=2823","title":{"rendered":"F\u00fcr ein bisschen Faschings-Fr\u00f6hlichkeit \u2013 Corona und Krieg zum Trotz!"},"content":{"rendered":"\n<p><em><strong>Im letzten Schuljahr fiel der Fasching wegen der Pandemie komplett aus \u2013 und auch heuer mag angesichts von Corona und Krieg keine ungetr\u00fcbte Faschingsstimmung aufkommen. Unsere F\u00fcnftkl\u00e4ssler aus der 5a und 5d haben sich trotzdem schon mal auf die \u201e5. Jahreszeit\u201c eingestimmt \u2013 mit Beitr\u00e4gen aus dem Kunstunterricht! Dabei sind sch\u00f6ne Exemplare herausgekommen: Zum Beispiel Clowns, Katzen, Stiere, Pferde, Schweine, Fr\u00f6sche usw. Diese Masken wurden aus Papptellern hergestellt.<\/strong> (Ein Beitrag von Antonia (5a) sowie Emma, Eva und Eva-Marie (5d).)<\/em><\/p>\n\n\n\n<p>Liebe Leser des Sch\u00fclerblogs,<\/p>\n\n\n\n<p>wir m\u00f6chten euch berichten, wie wir mit viel Eifer in zwei Kunststunden an unseren Faschingsmasken gebastelt haben.<\/p>\n\n\n\n<figure class=\"wp-block-image size-large is-resized\"><img decoding=\"async\" loading=\"lazy\" src=\"http:\/\/realnews-beilngries.de\/wp-content\/uploads\/2022\/02\/Collage-205a-fertig-1024x794.jpg\" alt=\"\" class=\"wp-image-2825\" width=\"659\" height=\"511\" srcset=\"http:\/\/realnews-beilngries.de\/wp-content\/uploads\/2022\/02\/Collage-205a-fertig-1024x794.jpg 1024w, http:\/\/realnews-beilngries.de\/wp-content\/uploads\/2022\/02\/Collage-205a-fertig-300x233.jpg 300w, http:\/\/realnews-beilngries.de\/wp-content\/uploads\/2022\/02\/Collage-205a-fertig-768x595.jpg 768w, http:\/\/realnews-beilngries.de\/wp-content\/uploads\/2022\/02\/Collage-205a-fertig.jpg 1237w\" sizes=\"(max-width: 659px) 100vw, 659px\" \/><\/figure>\n\n\n\n<p>Unsere Kunstlehrerin hatte Vorlagen dabei. Wir konnten uns eine aussuchen oder manche \u00fcberlegten sich selber ein Motiv. Danach holten wir uns Pappteller und zeichneten unsere Skizze darauf. Nachdem wir skizziert hatten, malten wir die Maske mit Acrylfarben an oder beklebten sie mit farbigem Tonpapier. Zum Schluss verzierten wir die Faschingsmasken, schnitten Augen aus und machten einen Gummi daran fest.<\/p>\n\n\n\n<p>Nachdem alle fertig waren, gingen wir alle auf den Pausenhof und machten sch\u00f6ne Fotos. Die Arbeit hat uns viel Spa\u00df gemacht und wir w\u00fcnschen euch noch sch\u00f6ne Faschingsferien.<\/p>\n","protected":false},"excerpt":{"rendered":"<p>Im letzten Schuljahr fiel der Fasching wegen der Pandemie komplett aus \u2013 und auch heuer mag angesichts von Corona und Krieg keine ungetr\u00fcbte Faschingsstimmung aufkommen.<\/p>\n","protected":false},"author":19,"featured_media":2824,"comment_status":"open","ping_status":"open","sticky":false,"template":"","format":"standard","meta":[],"categories":[5],"tags":[130],"_links":{"self":[{"href":"http:\/\/realnews-beilngries.de\/index.php?rest_route=\/wp\/v2\/posts\/2823"}],"collection":[{"href":"http:\/\/realnews-beilngries.de\/index.php?rest_route=\/wp\/v2\/posts"}],"about":[{"href":"http:\/\/realnews-beilngries.de\/index.php?rest_route=\/wp\/v2\/types\/post"}],"author":[{"embeddable":true,"href":"http:\/\/realnews-beilngries.de\/index.php?rest_route=\/wp\/v2\/users\/19"}],"replies":[{"embeddable":true,"href":"http:\/\/realnews-beilngries.de\/index.php?rest_route=%2Fwp%2Fv2%2Fcomments&post=2823"}],"version-history":[{"count":1,"href":"http:\/\/realnews-beilngries.de\/index.php?rest_route=\/wp\/v2\/posts\/2823\/revisions"}],"predecessor-version":[{"id":2826,"href":"http:\/\/realnews-beilngries.de\/index.php?rest_route=\/wp\/v2\/posts\/2823\/revisions\/2826"}],"wp:featuredmedia":[{"embeddable":true,"href":"http:\/\/realnews-beilngries.de\/index.php?rest_route=\/wp\/v2\/media\/2824"}],"wp:attachment":[{"href":"http:\/\/realnews-beilngries.de\/index.php?rest_route=%2Fwp%2Fv2%2Fmedia&parent=2823"}],"wp:term":[{"taxonomy":"category","embeddable":true,"href":"http:\/\/realnews-beilngries.de\/index.php?rest_route=%2Fwp%2Fv2%2Fcategories&post=2823"},{"taxonomy":"post_tag","embeddable":true,"href":"http:\/\/realnews-beilngries.de\/index.php?rest_route=%2Fwp%2Fv2%2Ftags&post=2823"}],"curies":[{"name":"wp","href":"https:\/\/api.w.org\/{rel}","templated":true}]}}