{"id":2792,"date":"2022-01-13T10:06:14","date_gmt":"2022-01-13T09:06:14","guid":{"rendered":"http:\/\/realnews-beilngries.de\/?p=2792"},"modified":"2022-01-13T10:07:03","modified_gmt":"2022-01-13T09:07:03","slug":"wertebotschafter-johannes-im-gespraech-mit-kultusminister-prof-dr-piazolo","status":"publish","type":"post","link":"http:\/\/realnews-beilngries.de\/?p=2792","title":{"rendered":"Wertebotschafter Johannes im Gespr\u00e4ch mit Kultusminister Prof. Dr. Piazolo!"},"content":{"rendered":"\n<p><em><strong>Junge Menschen haben Zukunftsvisionen \u2013&nbsp;diese m\u00fcssen aber nicht immer positiv sein.&nbsp; Unter dem Motto<a rel=\"noreferrer noopener\" href=\"https:\/\/www.werterhalt-weitergabe.de\/jugendpreis21-desktop\/\" target=\"_blank\">&nbsp;#sagwasDUwillst<\/a>&nbsp;wurden Jugendliche aufgerufen, ihre W\u00fcnsche und Tr\u00e4ume, \u00c4ngste und Sorgen, Gedanken und Themen, die sie derzeit zum Thema Zukunft&nbsp;besch\u00e4ftigen, niederzuschreiben und einzusenden. Unserem Wertebotschafter Johannes ist es gelungen, mit seinem Aufsatz zum Thema \u201eWerte im Alltag\u201c (RealNews berichtete) einen sagenhaften 2. Preis in seiner Alterskategorie zu erzielen \u2013 eine richtig tolle Leistung, die selbstverst\u00e4ndlich auch entsprechend belohnt und gew\u00fcrdigt wurde. <\/strong>(Ein Bericht von Frau Diepold)<\/em><\/p>\n\n\n\n<p>Unter dem Motto <strong>\u201eHeute schon an Morgen denken!\u201c<\/strong> wurden vielf\u00e4ltige Themen, wie zum Beispiel Klimawandel und Umweltschutz, Rassismus, Digitalisierung, Globalisierung, Feminismus, Krankheiten und technischer Fortschritt zu Papier gebracht. Eine Fachjury w\u00e4hlte zusammen mit Kultusminister Piazolo aus den zahlreichen Einsendungen 18 Texte aus, die genau diese Themen in gekonnter Weise darstellten und die Meinungen der Jugendlichen so zum Ausdruck brachten.<\/p>\n\n\n\n<div class=\"wp-block-image\"><figure class=\"aligncenter size-large is-resized\"><img decoding=\"async\" loading=\"lazy\" src=\"http:\/\/realnews-beilngries.de\/wp-content\/uploads\/2022\/01\/Foto-3-1024x794.jpg\" alt=\"\" class=\"wp-image-2795\" width=\"611\" height=\"474\" srcset=\"http:\/\/realnews-beilngries.de\/wp-content\/uploads\/2022\/01\/Foto-3-1024x794.jpg 1024w, http:\/\/realnews-beilngries.de\/wp-content\/uploads\/2022\/01\/Foto-3-300x233.jpg 300w, http:\/\/realnews-beilngries.de\/wp-content\/uploads\/2022\/01\/Foto-3-768x596.jpg 768w, http:\/\/realnews-beilngries.de\/wp-content\/uploads\/2022\/01\/Foto-3-1536x1191.jpg 1536w, http:\/\/realnews-beilngries.de\/wp-content\/uploads\/2022\/01\/Foto-3-2048x1588.jpg 2048w\" sizes=\"(max-width: 611px) 100vw, 611px\" \/><figcaption>So seh\u00b4n Sieger aus! \ud83d\ude09<\/figcaption><\/figure><\/div>\n\n\n\n<p>Alle bayerischen Preistr\u00e4ger wurden daraufhin im November 2021 nach M\u00fcnchen eingeladen, um die Inhalte ihrer selbst verfassten Texte noch einmal vorzutragen und pers\u00f6nlich mit dem Kultusminister ins Gespr\u00e4ch zu kommen. Dieser war sichtlich angetan von den Schreibfertigkeiten der Jugendlichen und zeigte sich \u00e4u\u00dferst interessiert an deren Gedanken und W\u00fcnschen f\u00fcr eine gemeinsame, nachhaltige und vor allem WERTvolle Zukunft an Schulen. So entstand eine lebhafte und angeregte Gespr\u00e4chsrunde, zu der auch unser Wertebotschafter Johannes mit seinen Ideen und Vorstellungen beitrug.<\/p>\n\n\n\n<p>Herzlichen Gl\u00fcckwunsch, lieber Johannes!<\/p>\n\n\n\n<div class=\"wp-block-image\"><figure class=\"aligncenter size-large is-resized\"><img decoding=\"async\" loading=\"lazy\" src=\"http:\/\/realnews-beilngries.de\/wp-content\/uploads\/2022\/01\/IMG-20220112-WA0003-1024x768.jpg\" alt=\"\" class=\"wp-image-2794\" width=\"679\" height=\"509\" srcset=\"http:\/\/realnews-beilngries.de\/wp-content\/uploads\/2022\/01\/IMG-20220112-WA0003-1024x768.jpg 1024w, http:\/\/realnews-beilngries.de\/wp-content\/uploads\/2022\/01\/IMG-20220112-WA0003-300x225.jpg 300w, http:\/\/realnews-beilngries.de\/wp-content\/uploads\/2022\/01\/IMG-20220112-WA0003-768x576.jpg 768w, http:\/\/realnews-beilngries.de\/wp-content\/uploads\/2022\/01\/IMG-20220112-WA0003-1536x1152.jpg 1536w, http:\/\/realnews-beilngries.de\/wp-content\/uploads\/2022\/01\/IMG-20220112-WA0003.jpg 1600w\" sizes=\"(max-width: 679px) 100vw, 679px\" \/><figcaption>Im Gespr\u00e4ch mit Kultusminister Prof. Dr. Michael Piazolo&#8230;<\/figcaption><\/figure><\/div>\n","protected":false},"excerpt":{"rendered":"<p>Junge Menschen haben Zukunftsvisionen \u2013&nbsp;diese m\u00fcssen aber nicht immer positiv sein.&nbsp; Unter dem Motto&nbsp;#sagwasDUwillst&nbsp;wurden Jugendliche aufgerufen, ihre W\u00fcnsche und Tr\u00e4ume, \u00c4ngste und Sorgen, Gedanken und<\/p>\n","protected":false},"author":19,"featured_media":2793,"comment_status":"open","ping_status":"open","sticky":false,"template":"","format":"standard","meta":[],"categories":[2],"tags":[101],"_links":{"self":[{"href":"http:\/\/realnews-beilngries.de\/index.php?rest_route=\/wp\/v2\/posts\/2792"}],"collection":[{"href":"http:\/\/realnews-beilngries.de\/index.php?rest_route=\/wp\/v2\/posts"}],"about":[{"href":"http:\/\/realnews-beilngries.de\/index.php?rest_route=\/wp\/v2\/types\/post"}],"author":[{"embeddable":true,"href":"http:\/\/realnews-beilngries.de\/index.php?rest_route=\/wp\/v2\/users\/19"}],"replies":[{"embeddable":true,"href":"http:\/\/realnews-beilngries.de\/index.php?rest_route=%2Fwp%2Fv2%2Fcomments&post=2792"}],"version-history":[{"count":2,"href":"http:\/\/realnews-beilngries.de\/index.php?rest_route=\/wp\/v2\/posts\/2792\/revisions"}],"predecessor-version":[{"id":2797,"href":"http:\/\/realnews-beilngries.de\/index.php?rest_route=\/wp\/v2\/posts\/2792\/revisions\/2797"}],"wp:featuredmedia":[{"embeddable":true,"href":"http:\/\/realnews-beilngries.de\/index.php?rest_route=\/wp\/v2\/media\/2793"}],"wp:attachment":[{"href":"http:\/\/realnews-beilngries.de\/index.php?rest_route=%2Fwp%2Fv2%2Fmedia&parent=2792"}],"wp:term":[{"taxonomy":"category","embeddable":true,"href":"http:\/\/realnews-beilngries.de\/index.php?rest_route=%2Fwp%2Fv2%2Fcategories&post=2792"},{"taxonomy":"post_tag","embeddable":true,"href":"http:\/\/realnews-beilngries.de\/index.php?rest_route=%2Fwp%2Fv2%2Ftags&post=2792"}],"curies":[{"name":"wp","href":"https:\/\/api.w.org\/{rel}","templated":true}]}}