{"id":2786,"date":"2021-12-23T09:44:59","date_gmt":"2021-12-23T08:44:59","guid":{"rendered":"http:\/\/realnews-beilngries.de\/?p=2786"},"modified":"2022-01-06T12:54:09","modified_gmt":"2022-01-06T11:54:09","slug":"die-helfer-des-weihnachtsmanns","status":"publish","type":"post","link":"http:\/\/realnews-beilngries.de\/?p=2786","title":{"rendered":"Die Helfer des Weihnachtsmanns!"},"content":{"rendered":"\n<p><em><strong>Wir haben sie gefunden: die Helfer des Weihnachtsmanns! Es ist \u2026 \u2026 (*Trommelwirbel*) \u2026 DIE KLASSE 6B!!! Und wir haben den Oberwichtel Frau Scheuerer interviewt.<\/strong> (Ein Bericht von Laurin Sygulla, 6b.)<\/em><\/p>\n\n\n\n<p>Am letzten Schultag 2021 feierte die Klasse 6b mit ihrer Klassenleitung Frau Scheuerer eine Weihnachtsfeier, auf der sie Pl\u00e4tzchen a\u00dfen, Weihnachtslieder anh\u00f6rten und wichtelten. Wer jetzt nicht wei\u00df, was genau Wichteln ist, f\u00fcr den folgt hier eine kurze Erkl\u00e4rung: Alle Namen der Sch\u00fcler kommen gefaltet in eine Box. Jeder Sch\u00fcler zieht ein \u201eLos\u201c und darf dann f\u00fcr denjenigen, den er gezogen hat, ein kleines Geschenk (im Wert von max. 5 \u20ac) besorgen. Die Wichtelgeschenke der 6b mussten bereits eine Woche vor der Klassenweihnachtsfeier abgegeben werden. Frau Scheuerer sammelte die Geschenke ein, teilt sie dann bei der Feier aus, alle Sch\u00fcler packen aus und am Ende r\u00e4tselt die Klasse, wer wessen Wichtel ist.<\/p>\n\n\n\n<figure class=\"wp-block-image size-large\"><img decoding=\"async\" loading=\"lazy\" width=\"1024\" height=\"578\" src=\"http:\/\/realnews-beilngries.de\/wp-content\/uploads\/2021\/12\/DSC_2623-1024x578.jpg\" alt=\"\" class=\"wp-image-2783\" srcset=\"http:\/\/realnews-beilngries.de\/wp-content\/uploads\/2021\/12\/DSC_2623-1024x578.jpg 1024w, http:\/\/realnews-beilngries.de\/wp-content\/uploads\/2021\/12\/DSC_2623-300x169.jpg 300w, http:\/\/realnews-beilngries.de\/wp-content\/uploads\/2021\/12\/DSC_2623-768x433.jpg 768w, http:\/\/realnews-beilngries.de\/wp-content\/uploads\/2021\/12\/DSC_2623-1536x867.jpg 1536w, http:\/\/realnews-beilngries.de\/wp-content\/uploads\/2021\/12\/DSC_2623-2048x1155.jpg 2048w\" sizes=\"(max-width: 1024px) 100vw, 1024px\" \/><\/figure>\n\n\n\n<p>Eine gute Frage ist, wie Frau Scheuerer \u00fcberhaupt auf die tolle Idee mit dem Wichteln gekommen ist. Wir haben Sie das auch gefragt und die Antwort ist: Sie hat das als Schulkind an ihrer alten Schule schon mit ihren Freundinnen gemacht. Auch mit anderen Klassen hatte Frau Scheuerer bereits in den letzten Jahren gewichtelt. Zum einen, weil es den Klassen immer viel Spa\u00df bereitet hat und zum anderen, weil es die Klassengemeinschaft st\u00e4rkt.<\/p>\n\n\n\n<p>Nicht nur die 6b, sondern auch andere Klassen an dieser Schule wichteln. Frau Scheuerer selbst macht nicht mit, aber sie hofft, dass alle viel Spa\u00df daran haben.<\/p>\n","protected":false},"excerpt":{"rendered":"<p>Wir haben sie gefunden: die Helfer des Weihnachtsmanns! Es ist \u2026 \u2026 (*Trommelwirbel*) \u2026 DIE KLASSE 6B!!! Und wir haben den Oberwichtel Frau Scheuerer interviewt.<\/p>\n","protected":false},"author":19,"featured_media":2788,"comment_status":"open","ping_status":"open","sticky":false,"template":"","format":"standard","meta":[],"categories":[5],"tags":[87],"_links":{"self":[{"href":"http:\/\/realnews-beilngries.de\/index.php?rest_route=\/wp\/v2\/posts\/2786"}],"collection":[{"href":"http:\/\/realnews-beilngries.de\/index.php?rest_route=\/wp\/v2\/posts"}],"about":[{"href":"http:\/\/realnews-beilngries.de\/index.php?rest_route=\/wp\/v2\/types\/post"}],"author":[{"embeddable":true,"href":"http:\/\/realnews-beilngries.de\/index.php?rest_route=\/wp\/v2\/users\/19"}],"replies":[{"embeddable":true,"href":"http:\/\/realnews-beilngries.de\/index.php?rest_route=%2Fwp%2Fv2%2Fcomments&post=2786"}],"version-history":[{"count":1,"href":"http:\/\/realnews-beilngries.de\/index.php?rest_route=\/wp\/v2\/posts\/2786\/revisions"}],"predecessor-version":[{"id":2787,"href":"http:\/\/realnews-beilngries.de\/index.php?rest_route=\/wp\/v2\/posts\/2786\/revisions\/2787"}],"wp:featuredmedia":[{"embeddable":true,"href":"http:\/\/realnews-beilngries.de\/index.php?rest_route=\/wp\/v2\/media\/2788"}],"wp:attachment":[{"href":"http:\/\/realnews-beilngries.de\/index.php?rest_route=%2Fwp%2Fv2%2Fmedia&parent=2786"}],"wp:term":[{"taxonomy":"category","embeddable":true,"href":"http:\/\/realnews-beilngries.de\/index.php?rest_route=%2Fwp%2Fv2%2Fcategories&post=2786"},{"taxonomy":"post_tag","embeddable":true,"href":"http:\/\/realnews-beilngries.de\/index.php?rest_route=%2Fwp%2Fv2%2Ftags&post=2786"}],"curies":[{"name":"wp","href":"https:\/\/api.w.org\/{rel}","templated":true}]}}