{"id":2758,"date":"2021-12-15T14:08:02","date_gmt":"2021-12-15T13:08:02","guid":{"rendered":"http:\/\/realnews-beilngries.de\/?p=2758"},"modified":"2022-01-06T12:53:31","modified_gmt":"2022-01-06T11:53:31","slug":"gesundes-geniessen-der-obst-und-gemuesetag-fuer-die-7-klassen","status":"publish","type":"post","link":"http:\/\/realnews-beilngries.de\/?p=2758","title":{"rendered":"Gesundes genie\u00dfen: Der Obst- und Gem\u00fcsetag f\u00fcr die 7. Klassen!"},"content":{"rendered":"\n<p><strong><em>Am vergangenen Dienstag (14.12.) wurde f\u00fcr unsere Siebtkl\u00e4ssler der insgesamt dritte Obst- und Gem\u00fcsetag des Schuljahres durchgef\u00fchrt \u2013 in den R\u00e4umen des neuen Sch\u00fclercaf\u00e9s fanden dazu wieder die Vorbereitungen statt.<\/em><\/strong><em> (Ein Bericht von Frau Knon.)<\/em><\/p>\n\n\n\n<p>Frau Bischoff Frau F\u00fcrst schnitten und portionierten das Obst und Gem\u00fcse, das wieder von dem Gesch\u00e4ft \u201eRudeks Obst- und Gem\u00fcseland\u201c in Beilngries bezogen wurde. Am Ende der zweiten Schulstunde wurde es dann in den Klassenzimmern der 7. Jahrgangsstufe verteilt \u2013 gerade rechtzeitig als Vitamin-Spritze f\u00fcr die Sch\u00fclerinnen und Sch\u00fcler zur ersten Pause nach zwei anstrengenden Unterrichtsstunden.<\/p>\n\n\n\n<figure class=\"wp-block-image size-large\"><img decoding=\"async\" loading=\"lazy\" width=\"1024\" height=\"578\" src=\"http:\/\/realnews-beilngries.de\/wp-content\/uploads\/2021\/12\/DSC_2614-1-1024x578.jpg\" alt=\"\" class=\"wp-image-2760\" srcset=\"http:\/\/realnews-beilngries.de\/wp-content\/uploads\/2021\/12\/DSC_2614-1-1024x578.jpg 1024w, http:\/\/realnews-beilngries.de\/wp-content\/uploads\/2021\/12\/DSC_2614-1-300x169.jpg 300w, http:\/\/realnews-beilngries.de\/wp-content\/uploads\/2021\/12\/DSC_2614-1-768x433.jpg 768w, http:\/\/realnews-beilngries.de\/wp-content\/uploads\/2021\/12\/DSC_2614-1-1536x867.jpg 1536w, http:\/\/realnews-beilngries.de\/wp-content\/uploads\/2021\/12\/DSC_2614-1-2048x1155.jpg 2048w\" sizes=\"(max-width: 1024px) 100vw, 1024px\" \/><figcaption>Schnibbeln mit Spa\u00df&#8230; \ud83d\ude09<\/figcaption><\/figure>\n\n\n\n<p>Gesponsert wird diese monatliche Veranstaltung von der Willibald-Schmidt-Stiftung in Beilngries. Der n\u00e4chste Obst- und Gem\u00fcsetag ist f\u00fcr voraussichtlich Ende Januar\/Anfang geplant \u2013 dann f\u00fcr die 8. Jahrgangsstufe.<\/p>\n","protected":false},"excerpt":{"rendered":"<p>Am vergangenen Dienstag (14.12.) wurde f\u00fcr unsere Siebtkl\u00e4ssler der insgesamt dritte Obst- und Gem\u00fcsetag des Schuljahres durchgef\u00fchrt \u2013 in den R\u00e4umen des neuen Sch\u00fclercaf\u00e9s fanden<\/p>\n","protected":false},"author":19,"featured_media":2759,"comment_status":"open","ping_status":"open","sticky":false,"template":"","format":"standard","meta":[],"categories":[2],"tags":[137],"_links":{"self":[{"href":"http:\/\/realnews-beilngries.de\/index.php?rest_route=\/wp\/v2\/posts\/2758"}],"collection":[{"href":"http:\/\/realnews-beilngries.de\/index.php?rest_route=\/wp\/v2\/posts"}],"about":[{"href":"http:\/\/realnews-beilngries.de\/index.php?rest_route=\/wp\/v2\/types\/post"}],"author":[{"embeddable":true,"href":"http:\/\/realnews-beilngries.de\/index.php?rest_route=\/wp\/v2\/users\/19"}],"replies":[{"embeddable":true,"href":"http:\/\/realnews-beilngries.de\/index.php?rest_route=%2Fwp%2Fv2%2Fcomments&post=2758"}],"version-history":[{"count":1,"href":"http:\/\/realnews-beilngries.de\/index.php?rest_route=\/wp\/v2\/posts\/2758\/revisions"}],"predecessor-version":[{"id":2761,"href":"http:\/\/realnews-beilngries.de\/index.php?rest_route=\/wp\/v2\/posts\/2758\/revisions\/2761"}],"wp:featuredmedia":[{"embeddable":true,"href":"http:\/\/realnews-beilngries.de\/index.php?rest_route=\/wp\/v2\/media\/2759"}],"wp:attachment":[{"href":"http:\/\/realnews-beilngries.de\/index.php?rest_route=%2Fwp%2Fv2%2Fmedia&parent=2758"}],"wp:term":[{"taxonomy":"category","embeddable":true,"href":"http:\/\/realnews-beilngries.de\/index.php?rest_route=%2Fwp%2Fv2%2Fcategories&post=2758"},{"taxonomy":"post_tag","embeddable":true,"href":"http:\/\/realnews-beilngries.de\/index.php?rest_route=%2Fwp%2Fv2%2Ftags&post=2758"}],"curies":[{"name":"wp","href":"https:\/\/api.w.org\/{rel}","templated":true}]}}