{"id":2687,"date":"2021-11-18T18:53:24","date_gmt":"2021-11-18T17:53:24","guid":{"rendered":"http:\/\/realnews-beilngries.de\/?p=2687"},"modified":"2022-01-06T12:50:49","modified_gmt":"2022-01-06T11:50:49","slug":"obst-und-gemuese-der-spontane-vitamin-booster","status":"publish","type":"post","link":"http:\/\/realnews-beilngries.de\/?p=2687","title":{"rendered":"Obst und Gem\u00fcse &#8211; der spontane Vitamin-Booster!"},"content":{"rendered":"\n<p><em><strong>Eigentlich war der n\u00e4chste Obst- und Gem\u00fcsetag f\u00fcr die 6. Klassen erst f\u00fcr Mitte Dezember eingeplant. Doch weil zu Beginn dieser Woche \u00fcberraschend eine frische Vitamin-Ladung an unserer Schule eingetroffen war, reagierte Frau Knon spontan und schnibbelte das gesunde Fr\u00fchst\u00fcck einfach selbst &#8211; sodass es in der ersten Pause an die Sechstkl\u00e4ssler ausgeliefert werden konnte.<\/strong><\/em><\/p>\n\n\n\n<div class=\"wp-block-image\"><figure class=\"aligncenter size-large\"><img decoding=\"async\" loading=\"lazy\" width=\"1024\" height=\"578\" src=\"http:\/\/realnews-beilngries.de\/wp-content\/uploads\/2021\/11\/DSC_2562-1024x578.jpg\" alt=\"\" class=\"wp-image-2689\" srcset=\"http:\/\/realnews-beilngries.de\/wp-content\/uploads\/2021\/11\/DSC_2562-1024x578.jpg 1024w, http:\/\/realnews-beilngries.de\/wp-content\/uploads\/2021\/11\/DSC_2562-300x169.jpg 300w, http:\/\/realnews-beilngries.de\/wp-content\/uploads\/2021\/11\/DSC_2562-768x433.jpg 768w, http:\/\/realnews-beilngries.de\/wp-content\/uploads\/2021\/11\/DSC_2562-1536x867.jpg 1536w, http:\/\/realnews-beilngries.de\/wp-content\/uploads\/2021\/11\/DSC_2562-2048x1155.jpg 2048w\" sizes=\"(max-width: 1024px) 100vw, 1024px\" \/><figcaption>Gro\u00dfer Andrang auf den Vitamin-Booster!<\/figcaption><\/figure><\/div>\n\n\n\n<p>Die Sch\u00fclerinnen und Sch\u00fcler waren \u00fcber die unerwartete Booster-Lieferung an Vitaminen sehr erfreut &#8211; und a\u00dfen die Obst- und Gem\u00fcsest\u00fcckchen restlos auf. Falls sich also unsere neuen Schul-Tierchen in der Wurmkiste Hoffnung auf ein paar Apfel- oder Karottenschalen gemacht haben &#8211; da m\u00fcssen sie wohl auf die n\u00e4chste Lieferung hoffen! \ud83d\ude09<\/p>\n","protected":false},"excerpt":{"rendered":"<p>Eigentlich war der n\u00e4chste Obst- und Gem\u00fcsetag f\u00fcr die 6. Klassen erst f\u00fcr Mitte Dezember eingeplant. Doch weil zu Beginn dieser Woche \u00fcberraschend eine frische<\/p>\n","protected":false},"author":19,"featured_media":2688,"comment_status":"open","ping_status":"open","sticky":false,"template":"","format":"standard","meta":[],"categories":[5],"tags":[137],"_links":{"self":[{"href":"http:\/\/realnews-beilngries.de\/index.php?rest_route=\/wp\/v2\/posts\/2687"}],"collection":[{"href":"http:\/\/realnews-beilngries.de\/index.php?rest_route=\/wp\/v2\/posts"}],"about":[{"href":"http:\/\/realnews-beilngries.de\/index.php?rest_route=\/wp\/v2\/types\/post"}],"author":[{"embeddable":true,"href":"http:\/\/realnews-beilngries.de\/index.php?rest_route=\/wp\/v2\/users\/19"}],"replies":[{"embeddable":true,"href":"http:\/\/realnews-beilngries.de\/index.php?rest_route=%2Fwp%2Fv2%2Fcomments&post=2687"}],"version-history":[{"count":2,"href":"http:\/\/realnews-beilngries.de\/index.php?rest_route=\/wp\/v2\/posts\/2687\/revisions"}],"predecessor-version":[{"id":2691,"href":"http:\/\/realnews-beilngries.de\/index.php?rest_route=\/wp\/v2\/posts\/2687\/revisions\/2691"}],"wp:featuredmedia":[{"embeddable":true,"href":"http:\/\/realnews-beilngries.de\/index.php?rest_route=\/wp\/v2\/media\/2688"}],"wp:attachment":[{"href":"http:\/\/realnews-beilngries.de\/index.php?rest_route=%2Fwp%2Fv2%2Fmedia&parent=2687"}],"wp:term":[{"taxonomy":"category","embeddable":true,"href":"http:\/\/realnews-beilngries.de\/index.php?rest_route=%2Fwp%2Fv2%2Fcategories&post=2687"},{"taxonomy":"post_tag","embeddable":true,"href":"http:\/\/realnews-beilngries.de\/index.php?rest_route=%2Fwp%2Fv2%2Ftags&post=2687"}],"curies":[{"name":"wp","href":"https:\/\/api.w.org\/{rel}","templated":true}]}}