{"id":2670,"date":"2021-11-13T20:58:54","date_gmt":"2021-11-13T19:58:54","guid":{"rendered":"http:\/\/realnews-beilngries.de\/?p=2670"},"modified":"2021-11-13T20:58:54","modified_gmt":"2021-11-13T19:58:54","slug":"gesundes-geniessen-der-obst-und-gemuesetag-fuer-die-5-klassen","status":"publish","type":"post","link":"http:\/\/realnews-beilngries.de\/?p=2670","title":{"rendered":"Gesundes genie\u00dfen: Der Obst- und Gem\u00fcsetag f\u00fcr die 5. Klassen!"},"content":{"rendered":"\n<p><strong><em>Am 9.11.21 wurde f\u00fcr unsere F\u00fcnftkl\u00e4ssler der erste Obst- und Gem\u00fcsetag des Schuljahres durchgef\u00fchrt \u2013 in den R\u00e4umen unseres neuen Sch\u00fclercaf\u00e9s fanden dazu die Vorbereitungen statt.<\/em><\/strong><\/p>\n\n\n\n<p>Frau Bauer-Schaffer und Frau Bischoff schnitten und portionierten das Obst und Gem\u00fcse, das von dem Gesch\u00e4ft \u201eRudeks Obst- und Gem\u00fcseland\u201c in Beilngries bezogen wurde. Dadurch konnte es am Ende der zweiten Schulstunde in den Klassenzimmern der 5. Jahrgangsstufe verteilt werden \u2013 sozusagen als willkommener Vitamin-Booster f\u00fcr die Sch\u00fclerinnen und Sch\u00fcler nach zwei anstrengenden Unterrichtsstunden.<\/p>\n\n\n\n<div class=\"wp-block-image\"><figure class=\"aligncenter size-large\"><img decoding=\"async\" loading=\"lazy\" width=\"822\" height=\"616\" src=\"http:\/\/realnews-beilngries.de\/wp-content\/uploads\/2021\/11\/Bild1-1.jpg\" alt=\"\" class=\"wp-image-2671\" srcset=\"http:\/\/realnews-beilngries.de\/wp-content\/uploads\/2021\/11\/Bild1-1.jpg 822w, http:\/\/realnews-beilngries.de\/wp-content\/uploads\/2021\/11\/Bild1-1-300x225.jpg 300w, http:\/\/realnews-beilngries.de\/wp-content\/uploads\/2021\/11\/Bild1-1-768x576.jpg 768w\" sizes=\"(max-width: 822px) 100vw, 822px\" \/><figcaption>&#8222;Wer soll denn das alles essen?&#8220;<br>&#8222;Keine Angst, das kommt schon weg!&#8220;<\/figcaption><\/figure><\/div>\n\n\n\n<p>Gesponsert wird diese monatliche Veranstaltung von der Willibald-Schmidt-Stiftung in Beilngries. Der n\u00e4chste Obst- und Gem\u00fcsetag ist f\u00fcr Anfang\/Mitte Dezember geplant \u2013 dann f\u00fcr die 6. Jahrgangsstufe.<\/p>\n","protected":false},"excerpt":{"rendered":"<p>Am 9.11.21 wurde f\u00fcr unsere F\u00fcnftkl\u00e4ssler der erste Obst- und Gem\u00fcsetag des Schuljahres durchgef\u00fchrt \u2013 in den R\u00e4umen unseres neuen Sch\u00fclercaf\u00e9s fanden dazu die Vorbereitungen<\/p>\n","protected":false},"author":19,"featured_media":2672,"comment_status":"open","ping_status":"open","sticky":false,"template":"","format":"standard","meta":[],"categories":[5],"tags":[137],"_links":{"self":[{"href":"http:\/\/realnews-beilngries.de\/index.php?rest_route=\/wp\/v2\/posts\/2670"}],"collection":[{"href":"http:\/\/realnews-beilngries.de\/index.php?rest_route=\/wp\/v2\/posts"}],"about":[{"href":"http:\/\/realnews-beilngries.de\/index.php?rest_route=\/wp\/v2\/types\/post"}],"author":[{"embeddable":true,"href":"http:\/\/realnews-beilngries.de\/index.php?rest_route=\/wp\/v2\/users\/19"}],"replies":[{"embeddable":true,"href":"http:\/\/realnews-beilngries.de\/index.php?rest_route=%2Fwp%2Fv2%2Fcomments&post=2670"}],"version-history":[{"count":1,"href":"http:\/\/realnews-beilngries.de\/index.php?rest_route=\/wp\/v2\/posts\/2670\/revisions"}],"predecessor-version":[{"id":2673,"href":"http:\/\/realnews-beilngries.de\/index.php?rest_route=\/wp\/v2\/posts\/2670\/revisions\/2673"}],"wp:featuredmedia":[{"embeddable":true,"href":"http:\/\/realnews-beilngries.de\/index.php?rest_route=\/wp\/v2\/media\/2672"}],"wp:attachment":[{"href":"http:\/\/realnews-beilngries.de\/index.php?rest_route=%2Fwp%2Fv2%2Fmedia&parent=2670"}],"wp:term":[{"taxonomy":"category","embeddable":true,"href":"http:\/\/realnews-beilngries.de\/index.php?rest_route=%2Fwp%2Fv2%2Fcategories&post=2670"},{"taxonomy":"post_tag","embeddable":true,"href":"http:\/\/realnews-beilngries.de\/index.php?rest_route=%2Fwp%2Fv2%2Ftags&post=2670"}],"curies":[{"name":"wp","href":"https:\/\/api.w.org\/{rel}","templated":true}]}}