{"id":2658,"date":"2021-11-11T11:42:38","date_gmt":"2021-11-11T10:42:38","guid":{"rendered":"http:\/\/realnews-beilngries.de\/?p=2658"},"modified":"2021-11-11T11:43:14","modified_gmt":"2021-11-11T10:43:14","slug":"zeitreise-auf-die-willibaldsburg-eichstaett","status":"publish","type":"post","link":"http:\/\/realnews-beilngries.de\/?p=2658","title":{"rendered":"Zeitreise auf die Willibaldsburg Eichst\u00e4tt"},"content":{"rendered":"\n<p><em><strong>Habt ihr euch eigentlich schon einmal gefragt, warum das Logo unserer Schule einen Ammoniten hat? Oder wie es in der Zeit, auf der er stammt \u2013 also vor ca. 150 Mio. Jahren \u2013 hier bei uns im Altm\u00fchltal aussah? Die Klassen 5a und 5d suchten vor kurzem nach Antworten \u2026 <\/strong>(Ein Bericht von Frau Brunnthaler-F\u00fchrer mit fotografischer Unterst\u00fctzung durch Frau Stadler und Frau Duft.)<\/em><\/p>\n\n\n\n<p>Mit Fragen wie diesen im Gep\u00e4ck starteten zwei f\u00fcnfte Klassen ihren Ausflug bei herrlichstem Sonnenschein und erklommen die Burgmauern der Willibaldsburg, hoch \u00fcber Eichst\u00e4tt gelegen.<\/p>\n\n\n\n<p>Im Juramuseum konnten Fossilienstars wie der Archaeopteryx, ein riesiges Wasserkrokodil oder lebende Fossilien in den Aquarien bestaunt werden. Ein Modell zeigt das Jurameer, eine tropische Lagunenlandschaft, welches sich weit \u00fcber das Altm\u00fchltal erstreckte.<\/p>\n\n\n\n<div class=\"wp-block-image\"><figure class=\"aligncenter size-large is-resized\"><img decoding=\"async\" loading=\"lazy\" src=\"http:\/\/realnews-beilngries.de\/wp-content\/uploads\/2021\/11\/Juramuseum-Andrea-768x1024.jpg\" alt=\"\" class=\"wp-image-2659\" width=\"586\" height=\"781\" srcset=\"http:\/\/realnews-beilngries.de\/wp-content\/uploads\/2021\/11\/Juramuseum-Andrea-768x1024.jpg 768w, http:\/\/realnews-beilngries.de\/wp-content\/uploads\/2021\/11\/Juramuseum-Andrea-225x300.jpg 225w, http:\/\/realnews-beilngries.de\/wp-content\/uploads\/2021\/11\/Juramuseum-Andrea-1152x1536.jpg 1152w, http:\/\/realnews-beilngries.de\/wp-content\/uploads\/2021\/11\/Juramuseum-Andrea.jpg 1536w\" sizes=\"(max-width: 586px) 100vw, 586px\" \/><figcaption>&#8222;Ui, sind die alt!&#8220;<br>&#8222;Ja &#8230; und so platt gedr\u00fcckt!&#8220;<\/figcaption><\/figure><\/div>\n\n\n\n<p>Weitere Highlights warteten im Museum f\u00fcr Ur- und Fr\u00fchgeschichte. Aber auch die Burganlage mit ihren gewaltigen Ringmauern beeindruckte die Sch\u00fclerinnen und Sch\u00fcler, ebenso wie das gemeinsame Toben auf einem Spielplatz.<\/p>\n\n\n\n<div class=\"wp-block-image\"><figure class=\"aligncenter size-large\"><img decoding=\"async\" loading=\"lazy\" width=\"1024\" height=\"1024\" src=\"http:\/\/realnews-beilngries.de\/wp-content\/uploads\/2021\/11\/CollageMaker_2021_10_22_Steffi-1024x1024.jpg\" alt=\"\" class=\"wp-image-2660\" srcset=\"http:\/\/realnews-beilngries.de\/wp-content\/uploads\/2021\/11\/CollageMaker_2021_10_22_Steffi-1024x1024.jpg 1024w, http:\/\/realnews-beilngries.de\/wp-content\/uploads\/2021\/11\/CollageMaker_2021_10_22_Steffi-300x300.jpg 300w, http:\/\/realnews-beilngries.de\/wp-content\/uploads\/2021\/11\/CollageMaker_2021_10_22_Steffi-150x150.jpg 150w, http:\/\/realnews-beilngries.de\/wp-content\/uploads\/2021\/11\/CollageMaker_2021_10_22_Steffi-768x768.jpg 768w, http:\/\/realnews-beilngries.de\/wp-content\/uploads\/2021\/11\/CollageMaker_2021_10_22_Steffi-1536x1536.jpg 1536w, http:\/\/realnews-beilngries.de\/wp-content\/uploads\/2021\/11\/CollageMaker_2021_10_22_Steffi-2048x2048.jpg 2048w\" sizes=\"(max-width: 1024px) 100vw, 1024px\" \/><figcaption>Da war ganz sch\u00f6n was los auf dem Ausflug &#8230;<\/figcaption><\/figure><\/div>\n","protected":false},"excerpt":{"rendered":"<p>Habt ihr euch eigentlich schon einmal gefragt, warum das Logo unserer Schule einen Ammoniten hat? Oder wie es in der Zeit, auf der er stammt<\/p>\n","protected":false},"author":19,"featured_media":2661,"comment_status":"open","ping_status":"open","sticky":false,"template":"","format":"standard","meta":[],"categories":[5],"tags":[135],"_links":{"self":[{"href":"http:\/\/realnews-beilngries.de\/index.php?rest_route=\/wp\/v2\/posts\/2658"}],"collection":[{"href":"http:\/\/realnews-beilngries.de\/index.php?rest_route=\/wp\/v2\/posts"}],"about":[{"href":"http:\/\/realnews-beilngries.de\/index.php?rest_route=\/wp\/v2\/types\/post"}],"author":[{"embeddable":true,"href":"http:\/\/realnews-beilngries.de\/index.php?rest_route=\/wp\/v2\/users\/19"}],"replies":[{"embeddable":true,"href":"http:\/\/realnews-beilngries.de\/index.php?rest_route=%2Fwp%2Fv2%2Fcomments&post=2658"}],"version-history":[{"count":2,"href":"http:\/\/realnews-beilngries.de\/index.php?rest_route=\/wp\/v2\/posts\/2658\/revisions"}],"predecessor-version":[{"id":2663,"href":"http:\/\/realnews-beilngries.de\/index.php?rest_route=\/wp\/v2\/posts\/2658\/revisions\/2663"}],"wp:featuredmedia":[{"embeddable":true,"href":"http:\/\/realnews-beilngries.de\/index.php?rest_route=\/wp\/v2\/media\/2661"}],"wp:attachment":[{"href":"http:\/\/realnews-beilngries.de\/index.php?rest_route=%2Fwp%2Fv2%2Fmedia&parent=2658"}],"wp:term":[{"taxonomy":"category","embeddable":true,"href":"http:\/\/realnews-beilngries.de\/index.php?rest_route=%2Fwp%2Fv2%2Fcategories&post=2658"},{"taxonomy":"post_tag","embeddable":true,"href":"http:\/\/realnews-beilngries.de\/index.php?rest_route=%2Fwp%2Fv2%2Ftags&post=2658"}],"curies":[{"name":"wp","href":"https:\/\/api.w.org\/{rel}","templated":true}]}}