{"id":2631,"date":"2021-10-04T08:27:04","date_gmt":"2021-10-04T06:27:04","guid":{"rendered":"http:\/\/realnews-beilngries.de\/?p=2631"},"modified":"2021-10-04T08:27:04","modified_gmt":"2021-10-04T06:27:04","slug":"wahlergebnis-der-juniorwahl-2021","status":"publish","type":"post","link":"http:\/\/realnews-beilngries.de\/?p=2631","title":{"rendered":"Wahlergebnis der Juniorwahl 2021"},"content":{"rendered":"\n<p><em><strong>Kurz vor der Bundestagswahl wurde auch in den 10. Klassen unserer ARB eine Juniorwahl zum neuen deutschen Bundestag simuliert (wir berichteten). Hier sind nun die (durchaus bemerkenswerten) Ergebnisse:<\/strong><\/em><\/p>\n\n\n\n<div class=\"wp-block-image\"><figure class=\"aligncenter size-large is-resized\"><img decoding=\"async\" loading=\"lazy\" src=\"http:\/\/realnews-beilngries.de\/wp-content\/uploads\/2021\/10\/image.png\" alt=\"\" class=\"wp-image-2632\" width=\"808\" height=\"578\" srcset=\"http:\/\/realnews-beilngries.de\/wp-content\/uploads\/2021\/10\/image.png 738w, http:\/\/realnews-beilngries.de\/wp-content\/uploads\/2021\/10\/image-300x215.png 300w, http:\/\/realnews-beilngries.de\/wp-content\/uploads\/2021\/10\/image-90x65.png 90w\" sizes=\"(max-width: 808px) 100vw, 808px\" \/><\/figure><\/div>\n\n\n\n<p>Demnach w\u00fcrde die FDP (26,4%) im neuen Bundestag die st\u00e4rkste Fraktion stellen, gefolgt von der Union (19,8%) und der SPD auf Platz 3 (13,2%). Freie W\u00e4hler (9,9%), Gr\u00fcne (7,7%), Linke (7,7%) und AfD (6,6%) erreichten dagegen jeweils nur ein einstelliges Wahlergebnis. Auch interessant: Eine derzeit in der Politik diskutierte &#8222;Ampel-Koalition&#8220; (SPD-FDP-Gr\u00fcne) h\u00e4tte laut ARB-Ergebnis keine Mehrheit, eine &#8222;Jamaika-Koalition&#8220; (Union-FDP-Gr\u00fcne) dagegen schon &#8211; allerdings jeweils unter einem Bundeskanzler der FDP!<\/p>\n\n\n\n<div class=\"wp-block-image\"><figure class=\"aligncenter size-large\"><img decoding=\"async\" loading=\"lazy\" width=\"1024\" height=\"769\" src=\"http:\/\/realnews-beilngries.de\/wp-content\/uploads\/2021\/09\/P1000249-1024x769.jpg\" alt=\"\" class=\"wp-image-2627\" srcset=\"http:\/\/realnews-beilngries.de\/wp-content\/uploads\/2021\/09\/P1000249-1024x769.jpg 1024w, http:\/\/realnews-beilngries.de\/wp-content\/uploads\/2021\/09\/P1000249-300x225.jpg 300w, http:\/\/realnews-beilngries.de\/wp-content\/uploads\/2021\/09\/P1000249-768x577.jpg 768w, http:\/\/realnews-beilngries.de\/wp-content\/uploads\/2021\/09\/P1000249-1536x1153.jpg 1536w, http:\/\/realnews-beilngries.de\/wp-content\/uploads\/2021\/09\/P1000249-2048x1538.jpg 2048w\" sizes=\"(max-width: 1024px) 100vw, 1024px\" \/><\/figure><\/div>\n\n\n\n<p>In unmittelbar nach der Wahlentscheidung durchgef\u00fchrten Meinungsumfragen w\u00fcnschten sich unsere Sch\u00fclerinnen und Sch\u00fcler vor allem mehr Aufmerksamkeit f\u00fcr die Jugendlichen von den neu gew\u00e4hlten Volksvertreter*innen. Dabei wurden konkret die Digitalisierung sowie der Klimaschutz als wichtige Zukunftsthemen genannt.<\/p>\n\n\n\n<p>Die ARB-Wahlleiter Frau G\u00fcl und Herr Ettl bedanken sich bei unseren Sch\u00fclerinnen und Sch\u00fclern f\u00fcr die interessierte Teilnahme an der diesj\u00e4hrigen Juniorwahl!<\/p>\n","protected":false},"excerpt":{"rendered":"<p>Kurz vor der Bundestagswahl wurde auch in den 10. Klassen unserer ARB eine Juniorwahl zum neuen deutschen Bundestag simuliert (wir berichteten). Hier sind nun die<\/p>\n","protected":false},"author":19,"featured_media":2628,"comment_status":"open","ping_status":"open","sticky":false,"template":"","format":"standard","meta":[],"categories":[5],"tags":[12],"_links":{"self":[{"href":"http:\/\/realnews-beilngries.de\/index.php?rest_route=\/wp\/v2\/posts\/2631"}],"collection":[{"href":"http:\/\/realnews-beilngries.de\/index.php?rest_route=\/wp\/v2\/posts"}],"about":[{"href":"http:\/\/realnews-beilngries.de\/index.php?rest_route=\/wp\/v2\/types\/post"}],"author":[{"embeddable":true,"href":"http:\/\/realnews-beilngries.de\/index.php?rest_route=\/wp\/v2\/users\/19"}],"replies":[{"embeddable":true,"href":"http:\/\/realnews-beilngries.de\/index.php?rest_route=%2Fwp%2Fv2%2Fcomments&post=2631"}],"version-history":[{"count":1,"href":"http:\/\/realnews-beilngries.de\/index.php?rest_route=\/wp\/v2\/posts\/2631\/revisions"}],"predecessor-version":[{"id":2633,"href":"http:\/\/realnews-beilngries.de\/index.php?rest_route=\/wp\/v2\/posts\/2631\/revisions\/2633"}],"wp:featuredmedia":[{"embeddable":true,"href":"http:\/\/realnews-beilngries.de\/index.php?rest_route=\/wp\/v2\/media\/2628"}],"wp:attachment":[{"href":"http:\/\/realnews-beilngries.de\/index.php?rest_route=%2Fwp%2Fv2%2Fmedia&parent=2631"}],"wp:term":[{"taxonomy":"category","embeddable":true,"href":"http:\/\/realnews-beilngries.de\/index.php?rest_route=%2Fwp%2Fv2%2Fcategories&post=2631"},{"taxonomy":"post_tag","embeddable":true,"href":"http:\/\/realnews-beilngries.de\/index.php?rest_route=%2Fwp%2Fv2%2Ftags&post=2631"}],"curies":[{"name":"wp","href":"https:\/\/api.w.org\/{rel}","templated":true}]}}