{"id":2629,"date":"2021-09-29T10:08:45","date_gmt":"2021-09-29T08:08:45","guid":{"rendered":"http:\/\/realnews-beilngries.de\/?p=2629"},"modified":"2021-09-29T10:08:45","modified_gmt":"2021-09-29T08:08:45","slug":"jung-und-waehlerisch","status":"publish","type":"post","link":"http:\/\/realnews-beilngries.de\/?p=2629","title":{"rendered":"Jung und w\u00e4hlerisch!"},"content":{"rendered":"\n<p><em><strong>Bestimmt habt ihr es in der Zeitung, in den Nachrichten, auf Plakaten oder sp\u00e4testens bei uns mitbekommen, dass am vergangenen Wochenende die Bundestagswahlen durchgef\u00fchrt wurden! Aber auch wir Sch\u00fclerinnen und Sch\u00fcler durften in der vergangenen Woche w\u00e4hlen, obwohl wir noch keine 18 Jahre alt sind.<\/strong><\/em> (Ein Bericht von Nele &#8211; und die tolle \u00dcberschrift vom ersten Klassensprecher der 10 C, Benedikt Biedermann.)<\/p>\n\n\n\n<p>Aufgrund dieses bedeutenden politischen Ereignisses hatten die Sozialkunde-Lehrkr\u00e4fte Frau G\u00fcl und Herr Ettl in der letzten Woche eine Juniorwahl f\u00fcr die diesj\u00e4hrigen 10. Klassen organisiert. Damit auch wirklich alle informiert sind, welche Parteien es gibt und wof\u00fcr diese stehen, gab es f\u00fcr jede Klasse drei Vorbereitungsstunden. In diesen erfuhren wir viel \u00fcber die Wahlprogramme und den Ablauf einer Wahl. Au\u00dferdem w\u00e4hlten wir zwei Wahlvorst\u00e4nde aus jeder Klasse und benutzten den Wahl-o-Mat. Am 24.\u00a0 September f\u00fchrten dann wir Zehntkl\u00e4ssler die Wahl durch.<\/p>\n\n\n\n<div class=\"wp-block-image\"><figure class=\"aligncenter size-large is-resized\"><img decoding=\"async\" loading=\"lazy\" src=\"http:\/\/realnews-beilngries.de\/wp-content\/uploads\/2021\/09\/P1000230-769x1024.jpg\" alt=\"\" class=\"wp-image-2626\" width=\"352\" height=\"469\" srcset=\"http:\/\/realnews-beilngries.de\/wp-content\/uploads\/2021\/09\/P1000230-769x1024.jpg 769w, http:\/\/realnews-beilngries.de\/wp-content\/uploads\/2021\/09\/P1000230-225x300.jpg 225w, http:\/\/realnews-beilngries.de\/wp-content\/uploads\/2021\/09\/P1000230-768x1023.jpg 768w, http:\/\/realnews-beilngries.de\/wp-content\/uploads\/2021\/09\/P1000230-1153x1536.jpg 1153w, http:\/\/realnews-beilngries.de\/wp-content\/uploads\/2021\/09\/P1000230-1538x2048.jpg 1538w, http:\/\/realnews-beilngries.de\/wp-content\/uploads\/2021\/09\/P1000230-scaled.jpg 1922w\" sizes=\"(max-width: 352px) 100vw, 352px\" \/><\/figure><\/div>\n\n\n\n<p><strong>N\u00e4chste Woche erfahrt ihr hier auf <em>Realnews-Beilngries.de<\/em> die Ergebnisse der Juniorwahl, nachdem der Ausgang Bundestagswahlen bekanntgegeben wurde!<\/strong><\/p>\n","protected":false},"excerpt":{"rendered":"<p>Bestimmt habt ihr es in der Zeitung, in den Nachrichten, auf Plakaten oder sp\u00e4testens bei uns mitbekommen, dass am vergangenen Wochenende die Bundestagswahlen durchgef\u00fchrt wurden!<\/p>\n","protected":false},"author":19,"featured_media":2625,"comment_status":"open","ping_status":"open","sticky":false,"template":"","format":"standard","meta":[],"categories":[5],"tags":[12],"_links":{"self":[{"href":"http:\/\/realnews-beilngries.de\/index.php?rest_route=\/wp\/v2\/posts\/2629"}],"collection":[{"href":"http:\/\/realnews-beilngries.de\/index.php?rest_route=\/wp\/v2\/posts"}],"about":[{"href":"http:\/\/realnews-beilngries.de\/index.php?rest_route=\/wp\/v2\/types\/post"}],"author":[{"embeddable":true,"href":"http:\/\/realnews-beilngries.de\/index.php?rest_route=\/wp\/v2\/users\/19"}],"replies":[{"embeddable":true,"href":"http:\/\/realnews-beilngries.de\/index.php?rest_route=%2Fwp%2Fv2%2Fcomments&post=2629"}],"version-history":[{"count":1,"href":"http:\/\/realnews-beilngries.de\/index.php?rest_route=\/wp\/v2\/posts\/2629\/revisions"}],"predecessor-version":[{"id":2630,"href":"http:\/\/realnews-beilngries.de\/index.php?rest_route=\/wp\/v2\/posts\/2629\/revisions\/2630"}],"wp:featuredmedia":[{"embeddable":true,"href":"http:\/\/realnews-beilngries.de\/index.php?rest_route=\/wp\/v2\/media\/2625"}],"wp:attachment":[{"href":"http:\/\/realnews-beilngries.de\/index.php?rest_route=%2Fwp%2Fv2%2Fmedia&parent=2629"}],"wp:term":[{"taxonomy":"category","embeddable":true,"href":"http:\/\/realnews-beilngries.de\/index.php?rest_route=%2Fwp%2Fv2%2Fcategories&post=2629"},{"taxonomy":"post_tag","embeddable":true,"href":"http:\/\/realnews-beilngries.de\/index.php?rest_route=%2Fwp%2Fv2%2Ftags&post=2629"}],"curies":[{"name":"wp","href":"https:\/\/api.w.org\/{rel}","templated":true}]}}