{"id":2599,"date":"2021-07-29T11:46:10","date_gmt":"2021-07-29T09:46:10","guid":{"rendered":"http:\/\/realnews-beilngries.de\/?p=2599"},"modified":"2021-07-29T11:46:10","modified_gmt":"2021-07-29T09:46:10","slug":"ehrungen-und-verabschiedungen-am-letzten-schultag","status":"publish","type":"post","link":"http:\/\/realnews-beilngries.de\/?p=2599","title":{"rendered":"Ehrungen und Verabschiedungen am letzten Schultag!"},"content":{"rendered":"\n<p><em><strong>Am letzten Tag dieses besonderen Schuljahres 2020\/21 fanden die traditionellen Ehrungen und Verabschiedungen statt &#8211; auch f\u00fcr unsere Abschlussklassen, die heute offiziell ihre Zeugnisse erhielten.<\/strong><\/em><\/p>\n\n\n\n<p>Zun\u00e4chst wurden am Vormittag &#8222;unsere Besten&#8220; ausgezeichnet:<\/p>\n\n\n\n<p>Die Gewinner des ARB-Tennisturniers &#8211; inoffiziell auch als 5. Grand Slam-Turnier bezeichnet: \ud83d\ude09<\/p>\n\n\n\n<figure class=\"wp-block-image size-large\"><img decoding=\"async\" loading=\"lazy\" width=\"1024\" height=\"578\" src=\"http:\/\/realnews-beilngries.de\/wp-content\/uploads\/2021\/07\/DSC_2454-1024x578.jpg\" alt=\"\" class=\"wp-image-2592\" srcset=\"http:\/\/realnews-beilngries.de\/wp-content\/uploads\/2021\/07\/DSC_2454-1024x578.jpg 1024w, http:\/\/realnews-beilngries.de\/wp-content\/uploads\/2021\/07\/DSC_2454-300x169.jpg 300w, http:\/\/realnews-beilngries.de\/wp-content\/uploads\/2021\/07\/DSC_2454-768x433.jpg 768w, http:\/\/realnews-beilngries.de\/wp-content\/uploads\/2021\/07\/DSC_2454-1536x867.jpg 1536w, http:\/\/realnews-beilngries.de\/wp-content\/uploads\/2021\/07\/DSC_2454-2048x1155.jpg 2048w\" sizes=\"(max-width: 1024px) 100vw, 1024px\" \/><\/figure>\n\n\n\n<p>Die Sieger unseres <em>#Kreativwettbewerbs<\/em> w\u00e4hrend des Lockdowns:<\/p>\n\n\n\n<figure class=\"wp-block-image size-large\"><img decoding=\"async\" loading=\"lazy\" width=\"1024\" height=\"578\" src=\"http:\/\/realnews-beilngries.de\/wp-content\/uploads\/2021\/07\/DSC_2457-1024x578.jpg\" alt=\"\" class=\"wp-image-2593\" srcset=\"http:\/\/realnews-beilngries.de\/wp-content\/uploads\/2021\/07\/DSC_2457-1024x578.jpg 1024w, http:\/\/realnews-beilngries.de\/wp-content\/uploads\/2021\/07\/DSC_2457-300x169.jpg 300w, http:\/\/realnews-beilngries.de\/wp-content\/uploads\/2021\/07\/DSC_2457-768x433.jpg 768w, http:\/\/realnews-beilngries.de\/wp-content\/uploads\/2021\/07\/DSC_2457-1536x867.jpg 1536w, http:\/\/realnews-beilngries.de\/wp-content\/uploads\/2021\/07\/DSC_2457-2048x1155.jpg 2048w\" sizes=\"(max-width: 1024px) 100vw, 1024px\" \/><\/figure>\n\n\n\n<p>Die Mitglieder des ARB Technik Teams:<\/p>\n\n\n\n<figure class=\"wp-block-image size-large\"><img decoding=\"async\" loading=\"lazy\" width=\"1024\" height=\"578\" src=\"http:\/\/realnews-beilngries.de\/wp-content\/uploads\/2021\/07\/DSC_2458-1024x578.jpg\" alt=\"\" class=\"wp-image-2594\" srcset=\"http:\/\/realnews-beilngries.de\/wp-content\/uploads\/2021\/07\/DSC_2458-1024x578.jpg 1024w, http:\/\/realnews-beilngries.de\/wp-content\/uploads\/2021\/07\/DSC_2458-300x169.jpg 300w, http:\/\/realnews-beilngries.de\/wp-content\/uploads\/2021\/07\/DSC_2458-768x433.jpg 768w, http:\/\/realnews-beilngries.de\/wp-content\/uploads\/2021\/07\/DSC_2458-1536x867.jpg 1536w, http:\/\/realnews-beilngries.de\/wp-content\/uploads\/2021\/07\/DSC_2458-2048x1155.jpg 2048w\" sizes=\"(max-width: 1024px) 100vw, 1024px\" \/><\/figure>\n\n\n\n<p>Unser Wertebotschafter Johannes Heinloth f\u00fcr seinen 2. Platz beim Schreibwettbewerb \u201eHeute schon an morgen denken!\u201c<\/p>\n\n\n\n<figure class=\"wp-block-image size-large\"><img decoding=\"async\" loading=\"lazy\" width=\"1024\" height=\"578\" src=\"http:\/\/realnews-beilngries.de\/wp-content\/uploads\/2021\/07\/DSC_2461-1024x578.jpg\" alt=\"\" class=\"wp-image-2595\" srcset=\"http:\/\/realnews-beilngries.de\/wp-content\/uploads\/2021\/07\/DSC_2461-1024x578.jpg 1024w, http:\/\/realnews-beilngries.de\/wp-content\/uploads\/2021\/07\/DSC_2461-300x169.jpg 300w, http:\/\/realnews-beilngries.de\/wp-content\/uploads\/2021\/07\/DSC_2461-768x433.jpg 768w, http:\/\/realnews-beilngries.de\/wp-content\/uploads\/2021\/07\/DSC_2461-1536x867.jpg 1536w, http:\/\/realnews-beilngries.de\/wp-content\/uploads\/2021\/07\/DSC_2461-2048x1155.jpg 2048w\" sizes=\"(max-width: 1024px) 100vw, 1024px\" \/><\/figure>\n\n\n\n<p>Und nat\u00fcrlich unsere Jahrgangsbesten aus allen Altersstufen:<\/p>\n\n\n\n<figure class=\"wp-block-image size-large\"><img decoding=\"async\" loading=\"lazy\" width=\"1024\" height=\"578\" src=\"http:\/\/realnews-beilngries.de\/wp-content\/uploads\/2021\/07\/DSC_2463-1024x578.jpg\" alt=\"\" class=\"wp-image-2596\" srcset=\"http:\/\/realnews-beilngries.de\/wp-content\/uploads\/2021\/07\/DSC_2463-1024x578.jpg 1024w, http:\/\/realnews-beilngries.de\/wp-content\/uploads\/2021\/07\/DSC_2463-300x169.jpg 300w, http:\/\/realnews-beilngries.de\/wp-content\/uploads\/2021\/07\/DSC_2463-768x433.jpg 768w, http:\/\/realnews-beilngries.de\/wp-content\/uploads\/2021\/07\/DSC_2463-1536x867.jpg 1536w, http:\/\/realnews-beilngries.de\/wp-content\/uploads\/2021\/07\/DSC_2463-2048x1155.jpg 2048w\" sizes=\"(max-width: 1024px) 100vw, 1024px\" \/><\/figure>\n\n\n\n<p>Mittags gab es dann die Abschlusszeugnisse f\u00fcr die ehemaligen Sch\u00fclerinnen und Sch\u00fcler der zehnten Klassen &#8211; im  coronakonformen, aber trotzdem festlichen Rahmen:<\/p>\n\n\n\n<figure class=\"wp-block-image size-large\"><img decoding=\"async\" loading=\"lazy\" width=\"1024\" height=\"578\" src=\"http:\/\/realnews-beilngries.de\/wp-content\/uploads\/2021\/07\/DSC_2465-1024x578.jpg\" alt=\"\" class=\"wp-image-2597\" srcset=\"http:\/\/realnews-beilngries.de\/wp-content\/uploads\/2021\/07\/DSC_2465-1024x578.jpg 1024w, http:\/\/realnews-beilngries.de\/wp-content\/uploads\/2021\/07\/DSC_2465-300x169.jpg 300w, http:\/\/realnews-beilngries.de\/wp-content\/uploads\/2021\/07\/DSC_2465-768x433.jpg 768w, http:\/\/realnews-beilngries.de\/wp-content\/uploads\/2021\/07\/DSC_2465-1536x867.jpg 1536w, http:\/\/realnews-beilngries.de\/wp-content\/uploads\/2021\/07\/DSC_2465-2048x1155.jpg 2048w\" sizes=\"(max-width: 1024px) 100vw, 1024px\" \/><\/figure>\n\n\n\n<p><em>Realnews-Beilngries.de<\/em> gratuliert den Absolventinnen und Absolventen und &#8222;Besten&#8220; zu ihren Leistungen und w\u00fcnscht allen Sch\u00fclerinnen und Sch\u00fclern sowie Lehrkr\u00e4ften, Angestellten und Eltern erholsame Ferien!<\/p>\n","protected":false},"excerpt":{"rendered":"<p>Am letzten Tag dieses besonderen Schuljahres 2020\/21 fanden die traditionellen Ehrungen und Verabschiedungen statt &#8211; auch f\u00fcr unsere Abschlussklassen, die heute offiziell ihre Zeugnisse erhielten.<\/p>\n","protected":false},"author":19,"featured_media":2591,"comment_status":"open","ping_status":"open","sticky":false,"template":"","format":"standard","meta":[],"categories":[2],"tags":[131],"_links":{"self":[{"href":"http:\/\/realnews-beilngries.de\/index.php?rest_route=\/wp\/v2\/posts\/2599"}],"collection":[{"href":"http:\/\/realnews-beilngries.de\/index.php?rest_route=\/wp\/v2\/posts"}],"about":[{"href":"http:\/\/realnews-beilngries.de\/index.php?rest_route=\/wp\/v2\/types\/post"}],"author":[{"embeddable":true,"href":"http:\/\/realnews-beilngries.de\/index.php?rest_route=\/wp\/v2\/users\/19"}],"replies":[{"embeddable":true,"href":"http:\/\/realnews-beilngries.de\/index.php?rest_route=%2Fwp%2Fv2%2Fcomments&post=2599"}],"version-history":[{"count":1,"href":"http:\/\/realnews-beilngries.de\/index.php?rest_route=\/wp\/v2\/posts\/2599\/revisions"}],"predecessor-version":[{"id":2600,"href":"http:\/\/realnews-beilngries.de\/index.php?rest_route=\/wp\/v2\/posts\/2599\/revisions\/2600"}],"wp:featuredmedia":[{"embeddable":true,"href":"http:\/\/realnews-beilngries.de\/index.php?rest_route=\/wp\/v2\/media\/2591"}],"wp:attachment":[{"href":"http:\/\/realnews-beilngries.de\/index.php?rest_route=%2Fwp%2Fv2%2Fmedia&parent=2599"}],"wp:term":[{"taxonomy":"category","embeddable":true,"href":"http:\/\/realnews-beilngries.de\/index.php?rest_route=%2Fwp%2Fv2%2Fcategories&post=2599"},{"taxonomy":"post_tag","embeddable":true,"href":"http:\/\/realnews-beilngries.de\/index.php?rest_route=%2Fwp%2Fv2%2Ftags&post=2599"}],"curies":[{"name":"wp","href":"https:\/\/api.w.org\/{rel}","templated":true}]}}