{"id":2586,"date":"2021-07-27T12:08:34","date_gmt":"2021-07-27T10:08:34","guid":{"rendered":"http:\/\/realnews-beilngries.de\/?p=2586"},"modified":"2021-07-27T12:08:34","modified_gmt":"2021-07-27T10:08:34","slug":"mit-hochdruck-fuer-klimaschutz-kunstunterricht-der-klasse-6a-und-6d","status":"publish","type":"post","link":"http:\/\/realnews-beilngries.de\/?p=2586","title":{"rendered":"Mit Hochdruck f\u00fcr Klimaschutz \u2013 Kunstunterricht der Klasse 6A und 6D"},"content":{"rendered":"\n<p><em><strong>Was hat ein Druckverfahren mit Klimaschutz zu tun? Diese Frage stellten sich die Klasse 6a und 6d der Altm\u00fchltal-Realschule, l\u00f6sten die Problemstellung und setzten dies im Projekt \u201eBaumwolltasche statt Plastikt\u00fcte\u201c im Kunstunterricht um.<\/strong><\/em> (Ein Bericht von Frau Brunnthaler-F\u00fchrer.)<\/p>\n\n\n\n<p>Nach Erstellen von Probedruckplatten und einigen Probedrucken wagten wir uns an das eigentliche Projekt: <strong>\u201eDas Bedrucken von wiederverwendbaren und nachhaltigen Baumwolltaschen mittels Hochdruckverfahren\u201c<\/strong>.<\/p>\n\n\n\n<figure class=\"wp-block-image size-large\"><img decoding=\"async\" loading=\"lazy\" width=\"1024\" height=\"683\" src=\"http:\/\/realnews-beilngries.de\/wp-content\/uploads\/2021\/07\/Klasse-6-a-1024x683.jpeg\" alt=\"\" class=\"wp-image-2584\" srcset=\"http:\/\/realnews-beilngries.de\/wp-content\/uploads\/2021\/07\/Klasse-6-a-1024x683.jpeg 1024w, http:\/\/realnews-beilngries.de\/wp-content\/uploads\/2021\/07\/Klasse-6-a-300x200.jpeg 300w, http:\/\/realnews-beilngries.de\/wp-content\/uploads\/2021\/07\/Klasse-6-a-768x512.jpeg 768w, http:\/\/realnews-beilngries.de\/wp-content\/uploads\/2021\/07\/Klasse-6-a-1536x1024.jpeg 1536w, http:\/\/realnews-beilngries.de\/wp-content\/uploads\/2021\/07\/Klasse-6-a-2048x1365.jpeg 2048w\" sizes=\"(max-width: 1024px) 100vw, 1024px\" \/><figcaption>Die K\u00fcnstler*innen der Klasse 6a &#8230;<\/figcaption><\/figure>\n\n\n\n<figure class=\"wp-block-image size-large\"><img decoding=\"async\" loading=\"lazy\" width=\"1024\" height=\"683\" src=\"http:\/\/realnews-beilngries.de\/wp-content\/uploads\/2021\/07\/Klasse-6-d-1024x683.jpeg\" alt=\"\" class=\"wp-image-2585\" srcset=\"http:\/\/realnews-beilngries.de\/wp-content\/uploads\/2021\/07\/Klasse-6-d-1024x683.jpeg 1024w, http:\/\/realnews-beilngries.de\/wp-content\/uploads\/2021\/07\/Klasse-6-d-300x200.jpeg 300w, http:\/\/realnews-beilngries.de\/wp-content\/uploads\/2021\/07\/Klasse-6-d-768x512.jpeg 768w, http:\/\/realnews-beilngries.de\/wp-content\/uploads\/2021\/07\/Klasse-6-d-1536x1024.jpeg 1536w, http:\/\/realnews-beilngries.de\/wp-content\/uploads\/2021\/07\/Klasse-6-d-2048x1365.jpeg 2048w\" sizes=\"(max-width: 1024px) 100vw, 1024px\" \/><figcaption>&#8230; und der Klasse 6d.<\/figcaption><\/figure>\n\n\n\n<p>Der Verbrauch von Plastikt\u00fcten ist gl\u00fcckerweise r\u00fcckl\u00e4ufig. Verbrauchte jeder Bundesb\u00fcrger 2017 noch 85 Plastikt\u00fcten im Jahr, waren es 2020 nur noch 21. Zun\u00e4chst stellte jeder Sch\u00fcler\/jede Sch\u00fclerin seine\/ihre eigene(n) Druckplatte(n) passend zum Thema Klimaschutz bzw. Naturschutz her und bedruckte eine Tasche mit individuellen Motiven und dementsprechender Farbauswahl.<\/p>\n\n\n\n<p>Wundersch\u00f6ne Exemplare sind entstanden, die nun flei\u00dfig benutzt werden wollen:<\/p>\n\n\n\n<div class=\"wp-block-image\"><figure class=\"aligncenter size-large is-resized\"><img decoding=\"async\" loading=\"lazy\" src=\"http:\/\/realnews-beilngries.de\/wp-content\/uploads\/2021\/07\/Tasche_3-683x1024.jpeg\" alt=\"\" class=\"wp-image-2583\" width=\"265\" height=\"397\" srcset=\"http:\/\/realnews-beilngries.de\/wp-content\/uploads\/2021\/07\/Tasche_3-683x1024.jpeg 683w, http:\/\/realnews-beilngries.de\/wp-content\/uploads\/2021\/07\/Tasche_3-200x300.jpeg 200w, http:\/\/realnews-beilngries.de\/wp-content\/uploads\/2021\/07\/Tasche_3-768x1152.jpeg 768w, http:\/\/realnews-beilngries.de\/wp-content\/uploads\/2021\/07\/Tasche_3-1024x1536.jpeg 1024w, http:\/\/realnews-beilngries.de\/wp-content\/uploads\/2021\/07\/Tasche_3-1365x2048.jpeg 1365w, http:\/\/realnews-beilngries.de\/wp-content\/uploads\/2021\/07\/Tasche_3.jpeg 1430w\" sizes=\"(max-width: 265px) 100vw, 265px\" \/><\/figure><\/div>\n\n\n\n<div class=\"wp-block-image\"><figure class=\"aligncenter size-large is-resized\"><img decoding=\"async\" loading=\"lazy\" src=\"http:\/\/realnews-beilngries.de\/wp-content\/uploads\/2021\/07\/Tasche_2-682x1024.jpeg\" alt=\"\" class=\"wp-image-2582\" width=\"268\" height=\"403\" srcset=\"http:\/\/realnews-beilngries.de\/wp-content\/uploads\/2021\/07\/Tasche_2-682x1024.jpeg 682w, http:\/\/realnews-beilngries.de\/wp-content\/uploads\/2021\/07\/Tasche_2-200x300.jpeg 200w, http:\/\/realnews-beilngries.de\/wp-content\/uploads\/2021\/07\/Tasche_2-768x1152.jpeg 768w, http:\/\/realnews-beilngries.de\/wp-content\/uploads\/2021\/07\/Tasche_2-1024x1536.jpeg 1024w, http:\/\/realnews-beilngries.de\/wp-content\/uploads\/2021\/07\/Tasche_2-1365x2048.jpeg 1365w, http:\/\/realnews-beilngries.de\/wp-content\/uploads\/2021\/07\/Tasche_2-scaled.jpeg 1706w\" sizes=\"(max-width: 268px) 100vw, 268px\" \/><\/figure><\/div>\n","protected":false},"excerpt":{"rendered":"<p>Was hat ein Druckverfahren mit Klimaschutz zu tun? Diese Frage stellten sich die Klasse 6a und 6d der Altm\u00fchltal-Realschule, l\u00f6sten die Problemstellung und setzten dies<\/p>\n","protected":false},"author":19,"featured_media":2588,"comment_status":"open","ping_status":"open","sticky":false,"template":"","format":"standard","meta":[],"categories":[5],"tags":[130],"_links":{"self":[{"href":"http:\/\/realnews-beilngries.de\/index.php?rest_route=\/wp\/v2\/posts\/2586"}],"collection":[{"href":"http:\/\/realnews-beilngries.de\/index.php?rest_route=\/wp\/v2\/posts"}],"about":[{"href":"http:\/\/realnews-beilngries.de\/index.php?rest_route=\/wp\/v2\/types\/post"}],"author":[{"embeddable":true,"href":"http:\/\/realnews-beilngries.de\/index.php?rest_route=\/wp\/v2\/users\/19"}],"replies":[{"embeddable":true,"href":"http:\/\/realnews-beilngries.de\/index.php?rest_route=%2Fwp%2Fv2%2Fcomments&post=2586"}],"version-history":[{"count":1,"href":"http:\/\/realnews-beilngries.de\/index.php?rest_route=\/wp\/v2\/posts\/2586\/revisions"}],"predecessor-version":[{"id":2587,"href":"http:\/\/realnews-beilngries.de\/index.php?rest_route=\/wp\/v2\/posts\/2586\/revisions\/2587"}],"wp:featuredmedia":[{"embeddable":true,"href":"http:\/\/realnews-beilngries.de\/index.php?rest_route=\/wp\/v2\/media\/2588"}],"wp:attachment":[{"href":"http:\/\/realnews-beilngries.de\/index.php?rest_route=%2Fwp%2Fv2%2Fmedia&parent=2586"}],"wp:term":[{"taxonomy":"category","embeddable":true,"href":"http:\/\/realnews-beilngries.de\/index.php?rest_route=%2Fwp%2Fv2%2Fcategories&post=2586"},{"taxonomy":"post_tag","embeddable":true,"href":"http:\/\/realnews-beilngries.de\/index.php?rest_route=%2Fwp%2Fv2%2Ftags&post=2586"}],"curies":[{"name":"wp","href":"https:\/\/api.w.org\/{rel}","templated":true}]}}