{"id":2579,"date":"2021-07-27T11:27:03","date_gmt":"2021-07-27T09:27:03","guid":{"rendered":"http:\/\/realnews-beilngries.de\/?p=2579"},"modified":"2021-07-27T11:27:03","modified_gmt":"2021-07-27T09:27:03","slug":"6b-und-6c-auf-drei-wasser-wanderung","status":"publish","type":"post","link":"http:\/\/realnews-beilngries.de\/?p=2579","title":{"rendered":"6B und 6C auf &#8222;Drei-Wasser-Wanderung&#8220;"},"content":{"rendered":"\n<p><em><strong>Am diesj\u00e4hrigen Wandertag kurz vor Ende des Schuljahres 20\/21 besuchten die Sch\u00fclerinnen und Sch\u00fcler der Klassen 6B und 6C das Kloster Plankstetten &#8211; und bewegten sich dabei an den drei Gew\u00e4ssern Sulz, Neuer Kanal und Alter Kanal entlang.<\/strong><\/em><\/p>\n\n\n\n<p>Auf dem Hinweg nach Plankstetten waren das Wetter und die entsprechende Laune der Wanderer bestens. Ausgehend von der Realschule wurde durch den Sulzpark, vorbei am Alten Bahnhof bzw. dem Yachthafen und schlie\u00dflich entlang am Neuen Kanal bis zum Kloster gelaufen. Unterbrochen wurde das durchaus z\u00fcgige Tempo immer wieder durch Haltestellen, an denen die Jugendlichen Quizfragen zur Wanderung beantworten mussten.<\/p>\n\n\n\n<figure class=\"wp-block-image size-large\"><img decoding=\"async\" loading=\"lazy\" width=\"1024\" height=\"578\" src=\"http:\/\/realnews-beilngries.de\/wp-content\/uploads\/2021\/07\/DSC_2449-1024x578.jpg\" alt=\"\" class=\"wp-image-2577\" srcset=\"http:\/\/realnews-beilngries.de\/wp-content\/uploads\/2021\/07\/DSC_2449-1024x578.jpg 1024w, http:\/\/realnews-beilngries.de\/wp-content\/uploads\/2021\/07\/DSC_2449-300x169.jpg 300w, http:\/\/realnews-beilngries.de\/wp-content\/uploads\/2021\/07\/DSC_2449-768x433.jpg 768w, http:\/\/realnews-beilngries.de\/wp-content\/uploads\/2021\/07\/DSC_2449-1536x867.jpg 1536w, http:\/\/realnews-beilngries.de\/wp-content\/uploads\/2021\/07\/DSC_2449-2048x1155.jpg 2048w\" sizes=\"(max-width: 1024px) 100vw, 1024px\" \/><figcaption>Gut zu Fu\u00df, unsere jungen Wandersleute! \ud83d\ude09<\/figcaption><\/figure>\n\n\n\n<p>In Plankstetten erhielten die Klassen dann von unserem Pater Christoph einige Informationen zum Kloster und dessen Geschichte. Der R\u00fcckweg f\u00fchrte schlie\u00dflich am Waldrand oberhalb des Alten Kanals entlang (&#8222;Benediktinerweg&#8220;) bis hin zur Eisdiele in Beilngries, wo alle Sieger*innen des Quiz\u00b4 (L\u00f6sungssatz: &#8222;Wandern macht Spa\u00df&#8220;) eine Kugel Eis als Belohnung bekamen.<\/p>\n\n\n\n<p>Trotz einiger Regentropfen und entsprechend feuchter Kleidung erreichten alle Wanderer &#8211; etwas ersch\u00f6pft &#8211; um kurz vor 13.00 Uhr wieder die Realschule.<\/p>\n","protected":false},"excerpt":{"rendered":"<p>Am diesj\u00e4hrigen Wandertag kurz vor Ende des Schuljahres 20\/21 besuchten die Sch\u00fclerinnen und Sch\u00fcler der Klassen 6B und 6C das Kloster Plankstetten &#8211; und bewegten<\/p>\n","protected":false},"author":19,"featured_media":2578,"comment_status":"open","ping_status":"open","sticky":false,"template":"","format":"standard","meta":[],"categories":[5],"tags":[64],"_links":{"self":[{"href":"http:\/\/realnews-beilngries.de\/index.php?rest_route=\/wp\/v2\/posts\/2579"}],"collection":[{"href":"http:\/\/realnews-beilngries.de\/index.php?rest_route=\/wp\/v2\/posts"}],"about":[{"href":"http:\/\/realnews-beilngries.de\/index.php?rest_route=\/wp\/v2\/types\/post"}],"author":[{"embeddable":true,"href":"http:\/\/realnews-beilngries.de\/index.php?rest_route=\/wp\/v2\/users\/19"}],"replies":[{"embeddable":true,"href":"http:\/\/realnews-beilngries.de\/index.php?rest_route=%2Fwp%2Fv2%2Fcomments&post=2579"}],"version-history":[{"count":1,"href":"http:\/\/realnews-beilngries.de\/index.php?rest_route=\/wp\/v2\/posts\/2579\/revisions"}],"predecessor-version":[{"id":2580,"href":"http:\/\/realnews-beilngries.de\/index.php?rest_route=\/wp\/v2\/posts\/2579\/revisions\/2580"}],"wp:featuredmedia":[{"embeddable":true,"href":"http:\/\/realnews-beilngries.de\/index.php?rest_route=\/wp\/v2\/media\/2578"}],"wp:attachment":[{"href":"http:\/\/realnews-beilngries.de\/index.php?rest_route=%2Fwp%2Fv2%2Fmedia&parent=2579"}],"wp:term":[{"taxonomy":"category","embeddable":true,"href":"http:\/\/realnews-beilngries.de\/index.php?rest_route=%2Fwp%2Fv2%2Fcategories&post=2579"},{"taxonomy":"post_tag","embeddable":true,"href":"http:\/\/realnews-beilngries.de\/index.php?rest_route=%2Fwp%2Fv2%2Ftags&post=2579"}],"curies":[{"name":"wp","href":"https:\/\/api.w.org\/{rel}","templated":true}]}}