{"id":2571,"date":"2021-07-21T17:19:24","date_gmt":"2021-07-21T15:19:24","guid":{"rendered":"http:\/\/realnews-beilngries.de\/?p=2571"},"modified":"2021-07-21T17:22:08","modified_gmt":"2021-07-21T15:22:08","slug":"malwettbewerb-bau-dir-deine-welt","status":"publish","type":"post","link":"http:\/\/realnews-beilngries.de\/?p=2571","title":{"rendered":"Malwettbewerb \u201eBau dir deine Welt\u201c"},"content":{"rendered":"\n<p><em><strong>Auch in diesem Jahr haben sich wieder zahlreiche Klassen der Altm\u00fchltal-Realschule am 51. Jugendwettbewerb \u201ejugend creativ\u201c der Volksbanken und Raiffeisenbank beteiligt. Zum Thema \u201eBau dir deine Welt\u201c gestalteten die Sch\u00fclerInnen bunte Fantasiewelten im Weltraum, unter Wasser, in der Luft, auf der Erde oder in der Zukunft.<\/strong><\/em> (Ein Beitrag von Frau Duft.)<\/p>\n\n\n\n<p>Dabei wurde das Thema nicht nur auf die Architektur beschr\u00e4nkt, sondern im \u00fcbergeordneten Sinn verstanden und in einen \u00f6kologischen oder sozialen Zusammenhang gebracht. Die Klassen- und Schulsieger wurden am vergangenen Freitag von Herrn Geiser und Frau Schneider der Raiffeisenbank mit Bluetooth-Lautsprechern und Loungern geehrt.<\/p>\n\n\n\n<p>Im Oktober 2021 startet der Wettbewerb in die n\u00e4chste Runde. Das Thema lautet dann: \u201eWas ist sch\u00f6n?&#8220; <strong>Das Team von <em>Realnews-Beilngries.de<\/em> freut sich jetzt schon auf eure kreativen Beitr\u00e4ge!<\/strong><\/p>\n","protected":false},"excerpt":{"rendered":"<p>Auch in diesem Jahr haben sich wieder zahlreiche Klassen der Altm\u00fchltal-Realschule am 51. Jugendwettbewerb \u201ejugend creativ\u201c der Volksbanken und Raiffeisenbank beteiligt. Zum Thema \u201eBau dir<\/p>\n","protected":false},"author":19,"featured_media":2575,"comment_status":"open","ping_status":"open","sticky":false,"template":"","format":"standard","meta":[],"categories":[2],"tags":[30],"_links":{"self":[{"href":"http:\/\/realnews-beilngries.de\/index.php?rest_route=\/wp\/v2\/posts\/2571"}],"collection":[{"href":"http:\/\/realnews-beilngries.de\/index.php?rest_route=\/wp\/v2\/posts"}],"about":[{"href":"http:\/\/realnews-beilngries.de\/index.php?rest_route=\/wp\/v2\/types\/post"}],"author":[{"embeddable":true,"href":"http:\/\/realnews-beilngries.de\/index.php?rest_route=\/wp\/v2\/users\/19"}],"replies":[{"embeddable":true,"href":"http:\/\/realnews-beilngries.de\/index.php?rest_route=%2Fwp%2Fv2%2Fcomments&post=2571"}],"version-history":[{"count":2,"href":"http:\/\/realnews-beilngries.de\/index.php?rest_route=\/wp\/v2\/posts\/2571\/revisions"}],"predecessor-version":[{"id":2576,"href":"http:\/\/realnews-beilngries.de\/index.php?rest_route=\/wp\/v2\/posts\/2571\/revisions\/2576"}],"wp:featuredmedia":[{"embeddable":true,"href":"http:\/\/realnews-beilngries.de\/index.php?rest_route=\/wp\/v2\/media\/2575"}],"wp:attachment":[{"href":"http:\/\/realnews-beilngries.de\/index.php?rest_route=%2Fwp%2Fv2%2Fmedia&parent=2571"}],"wp:term":[{"taxonomy":"category","embeddable":true,"href":"http:\/\/realnews-beilngries.de\/index.php?rest_route=%2Fwp%2Fv2%2Fcategories&post=2571"},{"taxonomy":"post_tag","embeddable":true,"href":"http:\/\/realnews-beilngries.de\/index.php?rest_route=%2Fwp%2Fv2%2Ftags&post=2571"}],"curies":[{"name":"wp","href":"https:\/\/api.w.org\/{rel}","templated":true}]}}