{"id":2565,"date":"2021-07-19T17:54:13","date_gmt":"2021-07-19T15:54:13","guid":{"rendered":"http:\/\/realnews-beilngries.de\/?p=2565"},"modified":"2021-07-19T17:54:49","modified_gmt":"2021-07-19T15:54:49","slug":"anders-und-doch-normal","status":"publish","type":"post","link":"http:\/\/realnews-beilngries.de\/?p=2565","title":{"rendered":"Anders &#8211; und doch \u201enormal\u201c"},"content":{"rendered":"\n<p><em><strong>Am Mittwochmorgen (14.07.) &#8211; gleich nach der Corona Testung &#8211; machte sich die Klasse 9D zusammen mit Frau Werner auf nach Holnstein in die Regens Wagner Einrichtung f\u00fcr Behinderte.<\/strong><\/em> (Ein Bericht von Ronja und Nele.)<\/p>\n\n\n\n<p>Unmittelbar nach unserer Ankunft hat uns Frau Fernandes einiges \u00fcber die Einrichtung und deren Gr\u00fcndung erz\u00e4hlt. Zum Beispiel durften anfangs nur Frauen und M\u00e4dchen dort wohnen. Nachdem wir etwas \u00fcber die Geschichte von Regens Wagner erfahren haben, wurde uns der Beruf des Heilerziehungspflegers nochmals genau erl\u00e4utert\u2026besonders interessant f\u00fcr alle, die es sich im Unterricht im letzten Jahr nicht merken konnten. \ud83d\ude09<\/p>\n\n\n\n<figure class=\"wp-block-image size-large\"><img decoding=\"async\" loading=\"lazy\" width=\"996\" height=\"747\" src=\"http:\/\/realnews-beilngries.de\/wp-content\/uploads\/2021\/07\/Holnstein-II.jpg\" alt=\"\" class=\"wp-image-2564\" srcset=\"http:\/\/realnews-beilngries.de\/wp-content\/uploads\/2021\/07\/Holnstein-II.jpg 996w, http:\/\/realnews-beilngries.de\/wp-content\/uploads\/2021\/07\/Holnstein-II-300x225.jpg 300w, http:\/\/realnews-beilngries.de\/wp-content\/uploads\/2021\/07\/Holnstein-II-768x576.jpg 768w\" sizes=\"(max-width: 996px) 100vw, 996px\" \/><\/figure>\n\n\n\n<p>Im Anschluss durften wir uns die Einrichtung, also die Aufenthaltsr\u00e4ume, die Speises\u00e4le, den Snoezelraum und auch die Zimmer einiger Bewohner, genauer anschauen. Zwischendurch hat uns Frau Fernandes immer wieder Interessantes erz\u00e4hlt: So gibt es zum Beispiel einen Bewohner, der sehr gerne Dinge \u201eauslegt\u201c, wenn er gestresst ist. Daf\u00fcr hat er extra einen Platz und daf\u00fcr vorgesehene Sachen in seinem Zimmer. Immer wenn diese Person sehr unter Stress leidet, wirft sie alle Sachen auf den Boden. W\u00e4re das nicht auch etwas f\u00fcr euch? \ud83d\ude09<\/p>\n\n\n\n<p>Das Spannendste war jedoch das Ausprobieren eines wichtigen Hilfsmittels im Umgang mit behinderten Menschen. Na klar! Die Rede ist vom Rollstuhl \u2026 (siehe Beitragsbild!)<\/p>\n\n\n\n<p>Zu unserem Tag in der Regens Wagner Einrichtung in Holnstein k\u00f6nnen wir ein sehr positives Fazit ziehen, da das gesamte Programm sehr interessant und informativ war. Vieles von dem, was wir in diesem und im letzten Jahr im Unterricht gelernt haben, konnten wir jetzt vor Ort sehen und beobachten.<\/p>\n","protected":false},"excerpt":{"rendered":"<p>Am Mittwochmorgen (14.07.) &#8211; gleich nach der Corona Testung &#8211; machte sich die Klasse 9D zusammen mit Frau Werner auf nach Holnstein in die Regens<\/p>\n","protected":false},"author":19,"featured_media":2563,"comment_status":"open","ping_status":"open","sticky":false,"template":"","format":"standard","meta":[],"categories":[5],"tags":[129],"_links":{"self":[{"href":"http:\/\/realnews-beilngries.de\/index.php?rest_route=\/wp\/v2\/posts\/2565"}],"collection":[{"href":"http:\/\/realnews-beilngries.de\/index.php?rest_route=\/wp\/v2\/posts"}],"about":[{"href":"http:\/\/realnews-beilngries.de\/index.php?rest_route=\/wp\/v2\/types\/post"}],"author":[{"embeddable":true,"href":"http:\/\/realnews-beilngries.de\/index.php?rest_route=\/wp\/v2\/users\/19"}],"replies":[{"embeddable":true,"href":"http:\/\/realnews-beilngries.de\/index.php?rest_route=%2Fwp%2Fv2%2Fcomments&post=2565"}],"version-history":[{"count":2,"href":"http:\/\/realnews-beilngries.de\/index.php?rest_route=\/wp\/v2\/posts\/2565\/revisions"}],"predecessor-version":[{"id":2568,"href":"http:\/\/realnews-beilngries.de\/index.php?rest_route=\/wp\/v2\/posts\/2565\/revisions\/2568"}],"wp:featuredmedia":[{"embeddable":true,"href":"http:\/\/realnews-beilngries.de\/index.php?rest_route=\/wp\/v2\/media\/2563"}],"wp:attachment":[{"href":"http:\/\/realnews-beilngries.de\/index.php?rest_route=%2Fwp%2Fv2%2Fmedia&parent=2565"}],"wp:term":[{"taxonomy":"category","embeddable":true,"href":"http:\/\/realnews-beilngries.de\/index.php?rest_route=%2Fwp%2Fv2%2Fcategories&post=2565"},{"taxonomy":"post_tag","embeddable":true,"href":"http:\/\/realnews-beilngries.de\/index.php?rest_route=%2Fwp%2Fv2%2Ftags&post=2565"}],"curies":[{"name":"wp","href":"https:\/\/api.w.org\/{rel}","templated":true}]}}