{"id":2547,"date":"2021-07-04T14:25:30","date_gmt":"2021-07-04T12:25:30","guid":{"rendered":"http:\/\/realnews-beilngries.de\/?p=2547"},"modified":"2021-11-24T13:59:57","modified_gmt":"2021-11-24T12:59:57","slug":"klimaladen-mal-schnell-mehr-sauerstoff-einkaufen","status":"publish","type":"post","link":"http:\/\/realnews-beilngries.de\/?p=2547","title":{"rendered":"Klimaladen: Mal schnell mehr Sauerstoff einkaufen?"},"content":{"rendered":"\n<p><em><strong>Vor kurzem machte der \u201eKlimaladen\u201c f\u00fcr die 7., 8. und 9. Klassen Station an unserer ARB. Doch was durften wir dort machen? Nat\u00fcrlich konnten wir dort nicht einfach mal schnell mehr Sauerstoff oder \u00e4hnliches einkaufen. Aber daf\u00fcr gab es viele andere Produkte, die in die Einkaufst\u00fcte kamen\u2026<\/strong><\/em> (Ein Bericht von Nele.)<\/p>\n\n\n\n<p>Zun\u00e4chst zur Info: Die Wanderausstellung \u201eKlimaladen\u201c ist ein Projekt der Klimaschutzbeauftragten aus der Region 10 (Schrobenhausen, Neuburg, Ingolstadt, Pfaffenhofen) und wird von Frau Beate Schwander von der Stadt Ingolstadt mitorganisiert. Diese erz\u00e4hlte uns zuallererst etwas zur aktuellen Klimalage \u2026 und dass gewisse Gase (wie CO2, Methan, Lachgas) die Umweltbedingungen nicht gerade f\u00f6rdern. Au\u00dferdem erkl\u00e4rte sie uns, wo diese haupts\u00e4chlich entstehen.<\/p>\n\n\n\n<figure class=\"wp-block-image size-large\"><img decoding=\"async\" loading=\"lazy\" width=\"1024\" height=\"578\" src=\"http:\/\/realnews-beilngries.de\/wp-content\/uploads\/2021\/07\/DSC_2405-1024x578.jpg\" alt=\"\" class=\"wp-image-2545\" srcset=\"http:\/\/realnews-beilngries.de\/wp-content\/uploads\/2021\/07\/DSC_2405-1024x578.jpg 1024w, http:\/\/realnews-beilngries.de\/wp-content\/uploads\/2021\/07\/DSC_2405-300x169.jpg 300w, http:\/\/realnews-beilngries.de\/wp-content\/uploads\/2021\/07\/DSC_2405-768x433.jpg 768w, http:\/\/realnews-beilngries.de\/wp-content\/uploads\/2021\/07\/DSC_2405-1536x867.jpg 1536w, http:\/\/realnews-beilngries.de\/wp-content\/uploads\/2021\/07\/DSC_2405-2048x1155.jpg 2048w\" sizes=\"(max-width: 1024px) 100vw, 1024px\" \/><\/figure>\n\n\n\n<p>Mit diesem Wissen ausgestattet, durften wir dann Produkte der Bereiche \u201eAlltag\u201c, \u201eMode\u201c und \u201eErn\u00e4hrung\u201c ausw\u00e4hlen. Dabei war es erst einmal egal, ob wir sehr umweltfreundlich, so wie immer oder viele Bioprodukte \u201eeinkauften\u201c. Aufschreiben sollten wir diese dann eben auf eine kleine Einkaufsliste. Denn nach der Shoppingtour besprachen wir gemeinsam, wie erfolgreich unser Einkauf war. Bewertet wurde dieser nach folgenden Kriterien:<\/p>\n\n\n\n<ul><li>Regional <strong><em>oder<\/em><\/strong> langer Transportweg<\/li><li>Saisonal <strong><em>oder<\/em><\/strong> nicht saisonal<\/li><li>Pflanzlich <strong><em>oder<\/em><\/strong> tierisch<\/li><li>Bio <strong><em>oder<\/em><\/strong> mit Pestiziden und Kunstd\u00fcnger<\/li><li>Fair <strong><em>oder<\/em><\/strong> nicht fair gehandelt<\/li><li>Bewusster Umgang mit Energie <strong><em>oder<\/em><\/strong> hoher Energieaufwand<\/li><li>Wenig Verpackung <strong><em>oder<\/em><\/strong> unn\u00f6tige Verpackung<\/li><\/ul>\n\n\n\n<p>Anschlie\u00dfend werteten wir unsere einzelnen Einkaufsprodukte mit roten und gr\u00fcnen Smileys aus. Je mehr gr\u00fcne wir sammelten, desto umweltfreundlicher hatten wir eingekauft. Als wir fertig damit waren, diskutierten wir, wie wir im echten Leben teilweise einfach besser darauf achten k\u00f6nnen, klimafreundlicher einzukaufen\/zu leben &#8230; aber nat\u00fcrlich auch, dass das nicht immer so leicht umzusetzen ist.<\/p>\n\n\n\n<p>Frau Schwander selbst liegt \u00fcbrigens das Thema \u201eKlimaneutral leben\u201c sehr am Herzen, deshalb arbeitet sie auch im Weltladen Ingolstadt, der f\u00fcr fairen Handel steht. Mehr erfahrt ihr hier im Interview von unserem ARB-Team:<\/p>\n\n\n\n<figure class=\"wp-block-embed-youtube wp-block-embed is-type-video is-provider-youtube wp-embed-aspect-16-9 wp-has-aspect-ratio\"><div class=\"wp-block-embed__wrapper\">\n<iframe loading=\"lazy\" title=\"Klimaladen Austellung Interview - Altm\u00fchltal-Realschule Beilngries\" width=\"780\" height=\"439\" src=\"https:\/\/www.youtube.com\/embed\/z-ygIrI2B-4?feature=oembed\" frameborder=\"0\" allow=\"accelerometer; autoplay; clipboard-write; encrypted-media; gyroscope; picture-in-picture\" allowfullscreen><\/iframe>\n<\/div><figcaption>Hier geht\u00b4s zum Interview mit Frau Schwander&#8230;<\/figcaption><\/figure>\n\n\n\n<p><\/p>\n","protected":false},"excerpt":{"rendered":"<p>Vor kurzem machte der \u201eKlimaladen\u201c f\u00fcr die 7., 8. und 9. Klassen Station an unserer ARB. Doch was durften wir dort machen? Nat\u00fcrlich konnten wir<\/p>\n","protected":false},"author":19,"featured_media":2544,"comment_status":"open","ping_status":"open","sticky":false,"template":"","format":"standard","meta":[],"categories":[8,5],"tags":[127],"_links":{"self":[{"href":"http:\/\/realnews-beilngries.de\/index.php?rest_route=\/wp\/v2\/posts\/2547"}],"collection":[{"href":"http:\/\/realnews-beilngries.de\/index.php?rest_route=\/wp\/v2\/posts"}],"about":[{"href":"http:\/\/realnews-beilngries.de\/index.php?rest_route=\/wp\/v2\/types\/post"}],"author":[{"embeddable":true,"href":"http:\/\/realnews-beilngries.de\/index.php?rest_route=\/wp\/v2\/users\/19"}],"replies":[{"embeddable":true,"href":"http:\/\/realnews-beilngries.de\/index.php?rest_route=%2Fwp%2Fv2%2Fcomments&post=2547"}],"version-history":[{"count":1,"href":"http:\/\/realnews-beilngries.de\/index.php?rest_route=\/wp\/v2\/posts\/2547\/revisions"}],"predecessor-version":[{"id":2548,"href":"http:\/\/realnews-beilngries.de\/index.php?rest_route=\/wp\/v2\/posts\/2547\/revisions\/2548"}],"wp:featuredmedia":[{"embeddable":true,"href":"http:\/\/realnews-beilngries.de\/index.php?rest_route=\/wp\/v2\/media\/2544"}],"wp:attachment":[{"href":"http:\/\/realnews-beilngries.de\/index.php?rest_route=%2Fwp%2Fv2%2Fmedia&parent=2547"}],"wp:term":[{"taxonomy":"category","embeddable":true,"href":"http:\/\/realnews-beilngries.de\/index.php?rest_route=%2Fwp%2Fv2%2Fcategories&post=2547"},{"taxonomy":"post_tag","embeddable":true,"href":"http:\/\/realnews-beilngries.de\/index.php?rest_route=%2Fwp%2Fv2%2Ftags&post=2547"}],"curies":[{"name":"wp","href":"https:\/\/api.w.org\/{rel}","templated":true}]}}