{"id":2499,"date":"2021-06-07T14:09:29","date_gmt":"2021-06-07T12:09:29","guid":{"rendered":"http:\/\/realnews-beilngries.de\/?p=2499"},"modified":"2021-06-07T14:09:29","modified_gmt":"2021-06-07T12:09:29","slug":"mit-guter-laune-in-den-schul-endspurt-motto-tage-der-10c","status":"publish","type":"post","link":"http:\/\/realnews-beilngries.de\/?p=2499","title":{"rendered":"Mit guter Laune in den Schul-Endspurt: Motto-Tage der 10C!"},"content":{"rendered":"\n<p><em><strong>Nur noch acht Wochen dauert dieses seltsame Schuljahr 20\/21, das so anders ist als alle anderen zuvor. F\u00fcr den Start in diesen Endspurt hat sich die 10C etwas Besonderes ausgedacht &#8211; nach dem Motto: &#8222;Mit Kreativit\u00e4t und guter Laune zur Abschlusspr\u00fcfung!&#8220;<\/strong><\/em><\/p>\n\n\n\n<p>An jedem Tag in dieser ersten Schulwoche nach den Pfingstferien wollen sich die Zehntkl\u00e4ssler bei der Wahl ihrer Kleidung an einem bestimmten Motto orientieren. F\u00fcr den Montag wurde dabei passenderweise die Vorgabe &#8222;Erster Schultag&#8220; ausgew\u00e4hlt &#8211; und wie ihr sehen k\u00f6nnt, haben die Sch\u00fclerinnen und Sch\u00fcler die Challenge sehr ernst genommen.<\/p>\n\n\n\n<figure class=\"wp-block-image size-large\"><img decoding=\"async\" loading=\"lazy\" width=\"1024\" height=\"683\" src=\"http:\/\/realnews-beilngries.de\/wp-content\/uploads\/2021\/06\/IMG_8240-1024x683.jpg\" alt=\"\" class=\"wp-image-2498\" srcset=\"http:\/\/realnews-beilngries.de\/wp-content\/uploads\/2021\/06\/IMG_8240-1024x683.jpg 1024w, http:\/\/realnews-beilngries.de\/wp-content\/uploads\/2021\/06\/IMG_8240-300x200.jpg 300w, http:\/\/realnews-beilngries.de\/wp-content\/uploads\/2021\/06\/IMG_8240-768x512.jpg 768w, http:\/\/realnews-beilngries.de\/wp-content\/uploads\/2021\/06\/IMG_8240-1536x1024.jpg 1536w, http:\/\/realnews-beilngries.de\/wp-content\/uploads\/2021\/06\/IMG_8240-2048x1365.jpg 2048w\" sizes=\"(max-width: 1024px) 100vw, 1024px\" \/><figcaption>Die 10C pr\u00e4sentiert das Motto &#8222;Erster Schultag&#8220; &#8211; oder ist es eher die 1C? \ud83d\ude09<\/figcaption><\/figure>\n\n\n\n<p>Wir sind schon gespannt, was sich die Zehntkl\u00e4ssler f\u00fcr die n\u00e4chsten Tage ausgedacht haben! Bleibt nur zu hoffen, dass sich ihr Klassenleiter schnell wieder vom offenbar ungewohnten Gebrauch des Zeigestocks erholt &#8211; sein Handgelenk macht jedenfalls einen sehr verletzten Eindruck&#8230; \ud83d\ude09<\/p>\n","protected":false},"excerpt":{"rendered":"<p>Nur noch acht Wochen dauert dieses seltsame Schuljahr 20\/21, das so anders ist als alle anderen zuvor. F\u00fcr den Start in diesen Endspurt hat sich<\/p>\n","protected":false},"author":19,"featured_media":2497,"comment_status":"open","ping_status":"open","sticky":false,"template":"","format":"standard","meta":[],"categories":[5],"tags":[124],"_links":{"self":[{"href":"http:\/\/realnews-beilngries.de\/index.php?rest_route=\/wp\/v2\/posts\/2499"}],"collection":[{"href":"http:\/\/realnews-beilngries.de\/index.php?rest_route=\/wp\/v2\/posts"}],"about":[{"href":"http:\/\/realnews-beilngries.de\/index.php?rest_route=\/wp\/v2\/types\/post"}],"author":[{"embeddable":true,"href":"http:\/\/realnews-beilngries.de\/index.php?rest_route=\/wp\/v2\/users\/19"}],"replies":[{"embeddable":true,"href":"http:\/\/realnews-beilngries.de\/index.php?rest_route=%2Fwp%2Fv2%2Fcomments&post=2499"}],"version-history":[{"count":1,"href":"http:\/\/realnews-beilngries.de\/index.php?rest_route=\/wp\/v2\/posts\/2499\/revisions"}],"predecessor-version":[{"id":2500,"href":"http:\/\/realnews-beilngries.de\/index.php?rest_route=\/wp\/v2\/posts\/2499\/revisions\/2500"}],"wp:featuredmedia":[{"embeddable":true,"href":"http:\/\/realnews-beilngries.de\/index.php?rest_route=\/wp\/v2\/media\/2497"}],"wp:attachment":[{"href":"http:\/\/realnews-beilngries.de\/index.php?rest_route=%2Fwp%2Fv2%2Fmedia&parent=2499"}],"wp:term":[{"taxonomy":"category","embeddable":true,"href":"http:\/\/realnews-beilngries.de\/index.php?rest_route=%2Fwp%2Fv2%2Fcategories&post=2499"},{"taxonomy":"post_tag","embeddable":true,"href":"http:\/\/realnews-beilngries.de\/index.php?rest_route=%2Fwp%2Fv2%2Ftags&post=2499"}],"curies":[{"name":"wp","href":"https:\/\/api.w.org\/{rel}","templated":true}]}}