{"id":2473,"date":"2021-04-12T19:15:00","date_gmt":"2021-04-12T17:15:00","guid":{"rendered":"http:\/\/realnews-beilngries.de\/?p=2473"},"modified":"2021-04-12T19:15:00","modified_gmt":"2021-04-12T17:15:00","slug":"unser-lehrer-als-kanzlerkandidat","status":"publish","type":"post","link":"http:\/\/realnews-beilngries.de\/?p=2473","title":{"rendered":"Unser Lehrer als Kanzlerkandidat!"},"content":{"rendered":"\n<p><em><strong>Nichts ahnend habe ich am letzten Donnerstag wahrscheinlich einen \u00e4hnlichen Abend verbracht, wie die meisten meiner Mitsch\u00fcler, als mir etwas aufgefallen ist: Im Fernseher kam wie so oft nichts Interessantes, doch bei einem Sender bin ich dennoch h\u00e4ngen geblieben. Denn am 08.04. kam im BR \u201eRinglstetter\u201c mit seiner Sendung.<\/strong><\/em> (Ein Bericht unserer \u201erasenden Reporterin\u201c Nele)<\/p>\n\n\n\n<div class=\"wp-block-image\"><figure class=\"aligncenter size-large is-resized\"><img decoding=\"async\" loading=\"lazy\" src=\"http:\/\/realnews-beilngries.de\/wp-content\/uploads\/2021\/04\/RS-1-1024x576.jpg\" alt=\"\" class=\"wp-image-2476\" width=\"611\" height=\"343\" srcset=\"http:\/\/realnews-beilngries.de\/wp-content\/uploads\/2021\/04\/RS-1-1024x576.jpg 1024w, http:\/\/realnews-beilngries.de\/wp-content\/uploads\/2021\/04\/RS-1-300x169.jpg 300w, http:\/\/realnews-beilngries.de\/wp-content\/uploads\/2021\/04\/RS-1-768x432.jpg 768w, http:\/\/realnews-beilngries.de\/wp-content\/uploads\/2021\/04\/RS-1-1536x864.jpg 1536w, http:\/\/realnews-beilngries.de\/wp-content\/uploads\/2021\/04\/RS-1.jpg 1920w\" sizes=\"(max-width: 611px) 100vw, 611px\" \/><figcaption><em>Quelle: www.br.de (Mediathek, Video &#8222;Ringlstetters Kanzlerkandidatenk\u00fcr&#8220;)<\/em><\/figcaption><\/figure><\/div>\n\n\n\n<p>Wie jede Woche waren auch dieses Mal wieder einige bekannte Personen eingeladen worden. Hannes Ringlstetter und an seiner Seite Carolin Matzko haben schon viele G\u00e4ste im Hause gehabt, wie zum Beispiel Maite Kelly, Max Mutzke, Sebastian Bezzel, Elton, Barbara Becker und Paul Sedlmeier. Bei dieser Ausstrahlung war ein ganz bekanntes Gesicht dabei, bei dem ich mir sicher bin, dass ihn jeder an unserer Schule kennt! <strong>Es war Herr Basel, unser Deutsch- und Geschichtslehrer und \u201eKopf der Sch\u00fclerzeitung\u201c.<\/strong><\/p>\n\n\n\n<p>Ja genau, so erstaunt habe ich auch geschaut! Herr Basel bewarb sich bei der Sendung n\u00e4mlich als \u201eKanzlerkandidat\u201c, welcher zuvor von Herrn Ringlstetter ausgeschrieben worden war.<\/p>\n\n\n\n<div class=\"wp-block-image\"><figure class=\"aligncenter size-large is-resized\"><img decoding=\"async\" loading=\"lazy\" src=\"http:\/\/realnews-beilngries.de\/wp-content\/uploads\/2021\/04\/IMG-20210401-WA0003.jpg\" alt=\"\" class=\"wp-image-2474\" width=\"531\" height=\"437\" srcset=\"http:\/\/realnews-beilngries.de\/wp-content\/uploads\/2021\/04\/IMG-20210401-WA0003.jpg 791w, http:\/\/realnews-beilngries.de\/wp-content\/uploads\/2021\/04\/IMG-20210401-WA0003-300x247.jpg 300w, http:\/\/realnews-beilngries.de\/wp-content\/uploads\/2021\/04\/IMG-20210401-WA0003-768x632.jpg 768w\" sizes=\"(max-width: 531px) 100vw, 531px\" \/><figcaption>Die Ringlstetter-Anzeige aus der &#8222;Mittelbayerische Zeitung&#8220;.<\/figcaption><\/figure><\/div>\n\n\n\n<p>Seine Konkurrentinnen waren Physiotherapeutin Gabi Knops und Studentin Patricia Feigl, gegen die Herr Basel anzutreten hatte. Zuvor waren die drei aus \u00fcber 200 anderen Bewerbungen ausgew\u00e4hlt worden. <strong>Da wollen wir auf jeden Fall die Bewerbung sehen! \ud83d\ude42<\/strong><\/p>\n\n\n\n<p>Jeder hatte seine Aufgabenschwerpunkte aus der Anzeige vorzustellen. So hatte auch unser Realschullehrer als langj\u00e4hriges CSU-Mitglied sehr gute Chancen, um die Anforderungen zu erf\u00fcllen. Leichtes Spiel hatte er auch bei dem Punkt \u201eBildung junger W\u00e4hler durch entsprechende Pr\u00e4senz in Neuen Medien\u201c, da er als Lehrer bei uns Sch\u00fclern gute Verbreitungsm\u00f6glichkeiten hat: momentan durch Mebis und BigBlueButton.<\/p>\n\n\n\n<div class=\"wp-block-image\"><figure class=\"aligncenter size-large is-resized\"><img decoding=\"async\" loading=\"lazy\" src=\"http:\/\/realnews-beilngries.de\/wp-content\/uploads\/2021\/04\/Ringlstetter-1024x576.jpg\" alt=\"\" class=\"wp-image-2475\" width=\"667\" height=\"374\" srcset=\"http:\/\/realnews-beilngries.de\/wp-content\/uploads\/2021\/04\/Ringlstetter-1024x576.jpg 1024w, http:\/\/realnews-beilngries.de\/wp-content\/uploads\/2021\/04\/Ringlstetter-300x169.jpg 300w, http:\/\/realnews-beilngries.de\/wp-content\/uploads\/2021\/04\/Ringlstetter-768x432.jpg 768w, http:\/\/realnews-beilngries.de\/wp-content\/uploads\/2021\/04\/Ringlstetter-1536x864.jpg 1536w, http:\/\/realnews-beilngries.de\/wp-content\/uploads\/2021\/04\/Ringlstetter.jpg 1920w\" sizes=\"(max-width: 667px) 100vw, 667px\" \/><figcaption><em>Quelle: www.br.de (Mediathek, Video &#8222;Ringlstetters Kanzlerkandidatenk\u00fcr&#8220;)<\/em><\/figcaption><\/figure><\/div>\n\n\n\n<p>Die beiden anderen Kandidatinnen haben sich auch wacker geschlagen, da viele Themen hei\u00df diskutiert wurden. Als die Wahl nun anstand, wurde es spannend, wer denn der neue Kanzlerkandidat\/die neue Kanzlerkandidatin werden w\u00fcrde. Und ob Herr Basel nun seinen Beruf wechseln w\u00fcrde? Doch leider ist er nur Au\u00dfenminister geworden, dadurch wird er zum Gl\u00fcck noch weiter Zeit finden, um uns zu unterrichten! \ud83d\ude42<\/p>\n\n\n\n<p>Unsere neue Ringlstetter-Kanzlerkandidatin hei\u00dft Frau Feigl und Innenministerin ist nun Frau Knops. Wir gratulieren allen! Nun sind die Ferien vorbei und wir sehen unseren Au\u00dfenminister \u2026 \u00e4h, ich meinte Lehrer Herrn Basel wieder digital. Wir sind auf jeden Fall gespannt, wie seine Bewerbung ausgesehen hat!<\/p>\n","protected":false},"excerpt":{"rendered":"<p>Nichts ahnend habe ich am letzten Donnerstag wahrscheinlich einen \u00e4hnlichen Abend verbracht, wie die meisten meiner Mitsch\u00fcler, als mir etwas aufgefallen ist: Im Fernseher kam<\/p>\n","protected":false},"author":19,"featured_media":2477,"comment_status":"open","ping_status":"open","sticky":false,"template":"","format":"standard","meta":[],"categories":[2],"tags":[122],"_links":{"self":[{"href":"http:\/\/realnews-beilngries.de\/index.php?rest_route=\/wp\/v2\/posts\/2473"}],"collection":[{"href":"http:\/\/realnews-beilngries.de\/index.php?rest_route=\/wp\/v2\/posts"}],"about":[{"href":"http:\/\/realnews-beilngries.de\/index.php?rest_route=\/wp\/v2\/types\/post"}],"author":[{"embeddable":true,"href":"http:\/\/realnews-beilngries.de\/index.php?rest_route=\/wp\/v2\/users\/19"}],"replies":[{"embeddable":true,"href":"http:\/\/realnews-beilngries.de\/index.php?rest_route=%2Fwp%2Fv2%2Fcomments&post=2473"}],"version-history":[{"count":1,"href":"http:\/\/realnews-beilngries.de\/index.php?rest_route=\/wp\/v2\/posts\/2473\/revisions"}],"predecessor-version":[{"id":2478,"href":"http:\/\/realnews-beilngries.de\/index.php?rest_route=\/wp\/v2\/posts\/2473\/revisions\/2478"}],"wp:featuredmedia":[{"embeddable":true,"href":"http:\/\/realnews-beilngries.de\/index.php?rest_route=\/wp\/v2\/media\/2477"}],"wp:attachment":[{"href":"http:\/\/realnews-beilngries.de\/index.php?rest_route=%2Fwp%2Fv2%2Fmedia&parent=2473"}],"wp:term":[{"taxonomy":"category","embeddable":true,"href":"http:\/\/realnews-beilngries.de\/index.php?rest_route=%2Fwp%2Fv2%2Fcategories&post=2473"},{"taxonomy":"post_tag","embeddable":true,"href":"http:\/\/realnews-beilngries.de\/index.php?rest_route=%2Fwp%2Fv2%2Ftags&post=2473"}],"curies":[{"name":"wp","href":"https:\/\/api.w.org\/{rel}","templated":true}]}}