{"id":2462,"date":"2021-03-15T18:11:59","date_gmt":"2021-03-15T17:11:59","guid":{"rendered":"http:\/\/realnews-beilngries.de\/?p=2462"},"modified":"2021-03-15T18:11:59","modified_gmt":"2021-03-15T17:11:59","slug":"wechselunterricht-startet-fuer-alle-oder-was-heisst-eigentlich-reihen-testung","status":"publish","type":"post","link":"http:\/\/realnews-beilngries.de\/?p=2462","title":{"rendered":"Wechselunterricht startet f\u00fcr alle &#8211; oder: Was hei\u00dft eigentlich &#8222;Reihen-Testung&#8220;?"},"content":{"rendered":"\n<p><em><strong>Freitag, 13. M\u00e4rz 2020: Die Altm\u00fchltal-Realschule begibt sich in den ersten Lockdown. Montag, 15. M\u00e4rz 2021: Fast genau ein Jahr sp\u00e4ter startet in unseren Jahrgangsstufen 5 bis 9 wieder der Wechselunterricht. Und der beginnt f\u00fcr zahlreiche Sch\u00fcler*innen gleich mal mit einem Test&#8230;<\/strong><\/em><\/p>\n\n\n\n<p>Doch keine Angst, hierbei handelt es sich nicht um eine Schulaufgabe oder eine Ex: Dank unseres Elternbeiratsvorsitzenden Herrn Dr. Bauer und seines Teams k\u00f6nnen alle Sch\u00fcler*innen, Lehrkr\u00e4fte und Besch\u00e4ftigte einen Corona-Test in der Schule machen &#8211; und zwar <strong>freiwillig<\/strong> und <strong>w\u00e4hrend des Vormittags<\/strong> am ersten Montag (15.03.) oder Dienstag (16.03.). Hierzu wird von medizinisch geschultem Personal ein Abstrich aus dem Mund-Nasenraum entnommen. Die Auswertung erfolgt dann nach Versand (abh\u00e4ngig vom Wohnort) als Schnelltest in einem Labor, das Ergebnis wird \u00fcber die angegebenen Kontaktdaten mitgeteilt.<\/p>\n\n\n\n<figure class=\"wp-block-image size-large\"><img decoding=\"async\" loading=\"lazy\" width=\"1013\" height=\"1024\" src=\"http:\/\/realnews-beilngries.de\/wp-content\/uploads\/2021\/03\/IMG_0183-1-1013x1024.jpeg\" alt=\"\" class=\"wp-image-2461\" srcset=\"http:\/\/realnews-beilngries.de\/wp-content\/uploads\/2021\/03\/IMG_0183-1-1013x1024.jpeg 1013w, http:\/\/realnews-beilngries.de\/wp-content\/uploads\/2021\/03\/IMG_0183-1-297x300.jpeg 297w, http:\/\/realnews-beilngries.de\/wp-content\/uploads\/2021\/03\/IMG_0183-1-768x777.jpeg 768w, http:\/\/realnews-beilngries.de\/wp-content\/uploads\/2021\/03\/IMG_0183-1.jpeg 1510w\" sizes=\"(max-width: 1013px) 100vw, 1013px\" \/><figcaption>Das Team von Dr. Bauer bei der Arbeit&#8230;<\/figcaption><\/figure>\n\n\n\n<p>Der Andrang am ersten Montag war jedenfalls gro\u00df &#8211; und wer sich das Titelbild genauer anschaut, der wird wohl auch verstehen, warum man hier von einem &#8222;Reihen-Test&#8220; spricht &#8230; \ud83d\ude09<\/p>\n","protected":false},"excerpt":{"rendered":"<p>Freitag, 13. M\u00e4rz 2020: Die Altm\u00fchltal-Realschule begibt sich in den ersten Lockdown. Montag, 15. M\u00e4rz 2021: Fast genau ein Jahr sp\u00e4ter startet in unseren Jahrgangsstufen<\/p>\n","protected":false},"author":19,"featured_media":2460,"comment_status":"open","ping_status":"open","sticky":false,"template":"","format":"standard","meta":[],"categories":[2],"tags":[120],"_links":{"self":[{"href":"http:\/\/realnews-beilngries.de\/index.php?rest_route=\/wp\/v2\/posts\/2462"}],"collection":[{"href":"http:\/\/realnews-beilngries.de\/index.php?rest_route=\/wp\/v2\/posts"}],"about":[{"href":"http:\/\/realnews-beilngries.de\/index.php?rest_route=\/wp\/v2\/types\/post"}],"author":[{"embeddable":true,"href":"http:\/\/realnews-beilngries.de\/index.php?rest_route=\/wp\/v2\/users\/19"}],"replies":[{"embeddable":true,"href":"http:\/\/realnews-beilngries.de\/index.php?rest_route=%2Fwp%2Fv2%2Fcomments&post=2462"}],"version-history":[{"count":2,"href":"http:\/\/realnews-beilngries.de\/index.php?rest_route=\/wp\/v2\/posts\/2462\/revisions"}],"predecessor-version":[{"id":2464,"href":"http:\/\/realnews-beilngries.de\/index.php?rest_route=\/wp\/v2\/posts\/2462\/revisions\/2464"}],"wp:featuredmedia":[{"embeddable":true,"href":"http:\/\/realnews-beilngries.de\/index.php?rest_route=\/wp\/v2\/media\/2460"}],"wp:attachment":[{"href":"http:\/\/realnews-beilngries.de\/index.php?rest_route=%2Fwp%2Fv2%2Fmedia&parent=2462"}],"wp:term":[{"taxonomy":"category","embeddable":true,"href":"http:\/\/realnews-beilngries.de\/index.php?rest_route=%2Fwp%2Fv2%2Fcategories&post=2462"},{"taxonomy":"post_tag","embeddable":true,"href":"http:\/\/realnews-beilngries.de\/index.php?rest_route=%2Fwp%2Fv2%2Ftags&post=2462"}],"curies":[{"name":"wp","href":"https:\/\/api.w.org\/{rel}","templated":true}]}}