{"id":2400,"date":"2021-02-19T08:34:12","date_gmt":"2021-02-19T07:34:12","guid":{"rendered":"http:\/\/realnews-beilngries.de\/?p=2400"},"modified":"2021-02-19T08:34:12","modified_gmt":"2021-02-19T07:34:12","slug":"werte-im-bild-eure-beitraege-zum-foto-wettbewerb","status":"publish","type":"post","link":"http:\/\/realnews-beilngries.de\/?p=2400","title":{"rendered":"&#8222;Werte im Bild&#8220; &#8211; eure Beitr\u00e4ge zum Foto-Wettbewerb!"},"content":{"rendered":"\n<p><em><strong>Bis zum 12. Februar lief unsere ARB-Foto-Challenge, organisiert von unserem Werte-Botschafter Johannes sowie Frau Diepold und Frau Palmer. Und ihr habt eine Menge toller Fotos eingeschickt, die zu den unterschiedlichsten #Werten passen: vielen Dank daf\u00fcr! In den n\u00e4chsten Wochen k\u00f6nnt ihr auf Realnews-Beilngries.de eure Schnappsch\u00fcsse bewundern &#8230;<\/strong><\/em><\/p>\n\n\n\n<p>Und was w\u00fcrde nach einer anstrengenden Woche voller Videokonferenzen und Online-Aufgaben &#8211; anstelle der urspr\u00fcnglich geplanten Faschingsferien &#8211; besser passen, als am Wochenende mal richtig zu chillen? \ud83d\ude09<\/p>\n\n\n\n<p>Von euch gibt\u00b4s jedenfalls schon mal die passenden Vorschl\u00e4ge daf\u00fcr:<\/p>\n\n\n\n<figure class=\"wp-block-image size-large is-resized\"><img decoding=\"async\" loading=\"lazy\" src=\"http:\/\/realnews-beilngries.de\/wp-content\/uploads\/2021\/02\/Gemuetlichkeit-Lorenz-Hacker-767x1024.jpg\" alt=\"\" class=\"wp-image-2403\" width=\"337\" height=\"450\" srcset=\"http:\/\/realnews-beilngries.de\/wp-content\/uploads\/2021\/02\/Gemuetlichkeit-Lorenz-Hacker-767x1024.jpg 767w, http:\/\/realnews-beilngries.de\/wp-content\/uploads\/2021\/02\/Gemuetlichkeit-Lorenz-Hacker-225x300.jpg 225w, http:\/\/realnews-beilngries.de\/wp-content\/uploads\/2021\/02\/Gemuetlichkeit-Lorenz-Hacker-768x1025.jpg 768w, http:\/\/realnews-beilngries.de\/wp-content\/uploads\/2021\/02\/Gemuetlichkeit-Lorenz-Hacker-1151x1536.jpg 1151w, http:\/\/realnews-beilngries.de\/wp-content\/uploads\/2021\/02\/Gemuetlichkeit-Lorenz-Hacker.jpg 1199w\" sizes=\"(max-width: 337px) 100vw, 337px\" \/><figcaption>Relaxen vor dem Kamin &#8230;<\/figcaption><\/figure>\n\n\n\n<figure class=\"wp-block-image size-large is-resized\"><img decoding=\"async\" loading=\"lazy\" src=\"http:\/\/realnews-beilngries.de\/wp-content\/uploads\/2021\/02\/Entspannung-Victoria-Emmerich-1024x1024.jpg\" alt=\"\" class=\"wp-image-2404\" width=\"330\" height=\"330\" srcset=\"http:\/\/realnews-beilngries.de\/wp-content\/uploads\/2021\/02\/Entspannung-Victoria-Emmerich-1024x1024.jpg 1024w, http:\/\/realnews-beilngries.de\/wp-content\/uploads\/2021\/02\/Entspannung-Victoria-Emmerich-300x300.jpg 300w, http:\/\/realnews-beilngries.de\/wp-content\/uploads\/2021\/02\/Entspannung-Victoria-Emmerich-150x150.jpg 150w, http:\/\/realnews-beilngries.de\/wp-content\/uploads\/2021\/02\/Entspannung-Victoria-Emmerich-768x768.jpg 768w, http:\/\/realnews-beilngries.de\/wp-content\/uploads\/2021\/02\/Entspannung-Victoria-Emmerich-1536x1536.jpg 1536w, http:\/\/realnews-beilngries.de\/wp-content\/uploads\/2021\/02\/Entspannung-Victoria-Emmerich-2048x2048.jpg 2048w\" sizes=\"(max-width: 330px) 100vw, 330px\" \/><figcaption>&#8230; mit einem guten Buch &#8230;<\/figcaption><\/figure>\n\n\n\n<figure class=\"wp-block-image size-large is-resized\"><img decoding=\"async\" loading=\"lazy\" src=\"http:\/\/realnews-beilngries.de\/wp-content\/uploads\/2021\/02\/Ruhe-Diepold-1024x1024.jpg\" alt=\"\" class=\"wp-image-2405\" width=\"332\" height=\"332\" srcset=\"http:\/\/realnews-beilngries.de\/wp-content\/uploads\/2021\/02\/Ruhe-Diepold-1024x1024.jpg 1024w, http:\/\/realnews-beilngries.de\/wp-content\/uploads\/2021\/02\/Ruhe-Diepold-300x300.jpg 300w, http:\/\/realnews-beilngries.de\/wp-content\/uploads\/2021\/02\/Ruhe-Diepold-150x150.jpg 150w, http:\/\/realnews-beilngries.de\/wp-content\/uploads\/2021\/02\/Ruhe-Diepold-768x767.jpg 768w, http:\/\/realnews-beilngries.de\/wp-content\/uploads\/2021\/02\/Ruhe-Diepold-1536x1536.jpg 1536w, http:\/\/realnews-beilngries.de\/wp-content\/uploads\/2021\/02\/Ruhe-Diepold-2048x2048.jpg 2048w\" sizes=\"(max-width: 332px) 100vw, 332px\" \/><figcaption>&#8230; oder drau\u00dfen in der Natur (inzwischen auch ohne den ganzen Schnee).<\/figcaption><\/figure>\n\n\n\n<p class=\"has-text-align-center\"><strong>Egal, wie ihr entspannt: <em>Realnews-Beilngries<\/em> w\u00fcnscht euch ein gechilltes Wochenende!<\/strong><\/p>\n","protected":false},"excerpt":{"rendered":"<p>Bis zum 12. Februar lief unsere ARB-Foto-Challenge, organisiert von unserem Werte-Botschafter Johannes sowie Frau Diepold und Frau Palmer. Und ihr habt eine Menge toller Fotos<\/p>\n","protected":false},"author":19,"featured_media":2401,"comment_status":"open","ping_status":"open","sticky":false,"template":"","format":"standard","meta":[],"categories":[5],"tags":[98],"_links":{"self":[{"href":"http:\/\/realnews-beilngries.de\/index.php?rest_route=\/wp\/v2\/posts\/2400"}],"collection":[{"href":"http:\/\/realnews-beilngries.de\/index.php?rest_route=\/wp\/v2\/posts"}],"about":[{"href":"http:\/\/realnews-beilngries.de\/index.php?rest_route=\/wp\/v2\/types\/post"}],"author":[{"embeddable":true,"href":"http:\/\/realnews-beilngries.de\/index.php?rest_route=\/wp\/v2\/users\/19"}],"replies":[{"embeddable":true,"href":"http:\/\/realnews-beilngries.de\/index.php?rest_route=%2Fwp%2Fv2%2Fcomments&post=2400"}],"version-history":[{"count":2,"href":"http:\/\/realnews-beilngries.de\/index.php?rest_route=\/wp\/v2\/posts\/2400\/revisions"}],"predecessor-version":[{"id":2406,"href":"http:\/\/realnews-beilngries.de\/index.php?rest_route=\/wp\/v2\/posts\/2400\/revisions\/2406"}],"wp:featuredmedia":[{"embeddable":true,"href":"http:\/\/realnews-beilngries.de\/index.php?rest_route=\/wp\/v2\/media\/2401"}],"wp:attachment":[{"href":"http:\/\/realnews-beilngries.de\/index.php?rest_route=%2Fwp%2Fv2%2Fmedia&parent=2400"}],"wp:term":[{"taxonomy":"category","embeddable":true,"href":"http:\/\/realnews-beilngries.de\/index.php?rest_route=%2Fwp%2Fv2%2Fcategories&post=2400"},{"taxonomy":"post_tag","embeddable":true,"href":"http:\/\/realnews-beilngries.de\/index.php?rest_route=%2Fwp%2Fv2%2Ftags&post=2400"}],"curies":[{"name":"wp","href":"https:\/\/api.w.org\/{rel}","templated":true}]}}