{"id":198,"date":"2018-10-02T08:27:25","date_gmt":"2018-10-02T06:27:25","guid":{"rendered":"http:\/\/realnews-beilngries.de\/?p=198"},"modified":"2018-11-20T22:00:51","modified_gmt":"2018-11-20T21:00:51","slug":"auf-gehts-nach-andalusien","status":"publish","type":"post","link":"http:\/\/realnews-beilngries.de\/?p=198","title":{"rendered":"Auf geht&#8217;s nach Andalusien"},"content":{"rendered":"<p>Heute morgen starteten 15 Sch\u00fclerinnen und Sch\u00fcler zusammen mit Frau K\u00f6rner und Herrn R\u00f6der zu unserer Partnerschule nach <a href=\"https:\/\/www.google.de\/maps\/@36.1828565,-5.5265532,13z\">Los Barrios<\/a>. Nach einer kurzen Busfahrt geht es dann mit dem Flugzeug in den S\u00fcden Spaniens.<\/p>\n","protected":false},"excerpt":{"rendered":"<p>Heute morgen starteten 15 Sch\u00fclerinnen und Sch\u00fcler zusammen mit Frau K\u00f6rner und Herrn R\u00f6der zu unserer Partnerschule nach Los Barrios. Nach einer kurzen Busfahrt geht<\/p>\n","protected":false},"author":1,"featured_media":199,"comment_status":"open","ping_status":"open","sticky":false,"template":"template-fullwidth.php","format":"standard","meta":[],"categories":[6],"tags":[],"_links":{"self":[{"href":"http:\/\/realnews-beilngries.de\/index.php?rest_route=\/wp\/v2\/posts\/198"}],"collection":[{"href":"http:\/\/realnews-beilngries.de\/index.php?rest_route=\/wp\/v2\/posts"}],"about":[{"href":"http:\/\/realnews-beilngries.de\/index.php?rest_route=\/wp\/v2\/types\/post"}],"author":[{"embeddable":true,"href":"http:\/\/realnews-beilngries.de\/index.php?rest_route=\/wp\/v2\/users\/1"}],"replies":[{"embeddable":true,"href":"http:\/\/realnews-beilngries.de\/index.php?rest_route=%2Fwp%2Fv2%2Fcomments&post=198"}],"version-history":[{"count":1,"href":"http:\/\/realnews-beilngries.de\/index.php?rest_route=\/wp\/v2\/posts\/198\/revisions"}],"predecessor-version":[{"id":200,"href":"http:\/\/realnews-beilngries.de\/index.php?rest_route=\/wp\/v2\/posts\/198\/revisions\/200"}],"wp:featuredmedia":[{"embeddable":true,"href":"http:\/\/realnews-beilngries.de\/index.php?rest_route=\/wp\/v2\/media\/199"}],"wp:attachment":[{"href":"http:\/\/realnews-beilngries.de\/index.php?rest_route=%2Fwp%2Fv2%2Fmedia&parent=198"}],"wp:term":[{"taxonomy":"category","embeddable":true,"href":"http:\/\/realnews-beilngries.de\/index.php?rest_route=%2Fwp%2Fv2%2Fcategories&post=198"},{"taxonomy":"post_tag","embeddable":true,"href":"http:\/\/realnews-beilngries.de\/index.php?rest_route=%2Fwp%2Fv2%2Ftags&post=198"}],"curies":[{"name":"wp","href":"https:\/\/api.w.org\/{rel}","templated":true}]}}