{"id":1949,"date":"2020-09-09T09:29:03","date_gmt":"2020-09-09T07:29:03","guid":{"rendered":"http:\/\/realnews-beilngries.de\/?p=1949"},"modified":"2020-09-09T09:29:03","modified_gmt":"2020-09-09T07:29:03","slug":"startschuss-in-ein-spezielles-schuljahr","status":"publish","type":"post","link":"http:\/\/realnews-beilngries.de\/?p=1949","title":{"rendered":"Startschuss in ein spezielles Schuljahr!"},"content":{"rendered":"\n<p><em><strong>Auf geht\u00b4s: Das Schuljahr 2020\/21 ist gestartet &#8230; und zwar auf \u00e4hnliche Weise, wie das alte Jahr geendet hat: mit Abstand und Masken! Allerdings behalten Sch\u00fcler*innen und Lehrkr\u00e4fte in den ersten zwei Wochen ihren Mund-Nasen-Schutz auch w\u00e4hrend des Unterrichts an.<\/strong><\/em><\/p>\n\n\n\n<p>Dies konnte jedoch die Vorfreude der meisten Sch\u00fcler*innen auf das beginnende Schuljahr kaum tr\u00fcben: Schlie\u00dflich feierten viele Klassen nach einem knappen halben Jahr der Teilung ihr lang ersehntes Wiedersehen im Unterricht. Bleibt zu hoffen, dass Aufmerksamkeit und Lern- Eifer auch in der n\u00e4chsten Zeit anhalten&#8230; \ud83d\ude09<\/p>\n","protected":false},"excerpt":{"rendered":"<p>Auf geht\u00b4s: Das Schuljahr 2020\/21 ist gestartet &#8230; und zwar auf \u00e4hnliche Weise, wie das alte Jahr geendet hat: mit Abstand und Masken! Allerdings behalten<\/p>\n","protected":false},"author":19,"featured_media":1948,"comment_status":"open","ping_status":"open","sticky":false,"template":"","format":"standard","meta":[],"categories":[5],"tags":[66],"_links":{"self":[{"href":"http:\/\/realnews-beilngries.de\/index.php?rest_route=\/wp\/v2\/posts\/1949"}],"collection":[{"href":"http:\/\/realnews-beilngries.de\/index.php?rest_route=\/wp\/v2\/posts"}],"about":[{"href":"http:\/\/realnews-beilngries.de\/index.php?rest_route=\/wp\/v2\/types\/post"}],"author":[{"embeddable":true,"href":"http:\/\/realnews-beilngries.de\/index.php?rest_route=\/wp\/v2\/users\/19"}],"replies":[{"embeddable":true,"href":"http:\/\/realnews-beilngries.de\/index.php?rest_route=%2Fwp%2Fv2%2Fcomments&post=1949"}],"version-history":[{"count":1,"href":"http:\/\/realnews-beilngries.de\/index.php?rest_route=\/wp\/v2\/posts\/1949\/revisions"}],"predecessor-version":[{"id":1950,"href":"http:\/\/realnews-beilngries.de\/index.php?rest_route=\/wp\/v2\/posts\/1949\/revisions\/1950"}],"wp:featuredmedia":[{"embeddable":true,"href":"http:\/\/realnews-beilngries.de\/index.php?rest_route=\/wp\/v2\/media\/1948"}],"wp:attachment":[{"href":"http:\/\/realnews-beilngries.de\/index.php?rest_route=%2Fwp%2Fv2%2Fmedia&parent=1949"}],"wp:term":[{"taxonomy":"category","embeddable":true,"href":"http:\/\/realnews-beilngries.de\/index.php?rest_route=%2Fwp%2Fv2%2Fcategories&post=1949"},{"taxonomy":"post_tag","embeddable":true,"href":"http:\/\/realnews-beilngries.de\/index.php?rest_route=%2Fwp%2Fv2%2Ftags&post=1949"}],"curies":[{"name":"wp","href":"https:\/\/api.w.org\/{rel}","templated":true}]}}