{"id":1925,"date":"2020-07-23T13:54:45","date_gmt":"2020-07-23T11:54:45","guid":{"rendered":"http:\/\/realnews-beilngries.de\/?p=1925"},"modified":"2020-07-23T13:59:49","modified_gmt":"2020-07-23T11:59:49","slug":"kunst-gegen-corona-unsere-preistraeger","status":"publish","type":"post","link":"http:\/\/realnews-beilngries.de\/?p=1925","title":{"rendered":"Kunst gegen Corona &#8211; unsere Preistr\u00e4ger"},"content":{"rendered":"\n<p><em><strong>W\u00e4hrend des Corona-Lockdowns setzten sie k\u00fcnstlerisch ein Zeichen f\u00fcr unsere Schulgemeinschaft: die Teilnehmer des Corona-Malwettbewerbs, organisiert von Frau Brunnthaler-F\u00fchrer und Frau Duft. Die besten Werke und ihre K\u00fcnstler wurden nun geehrt.<\/strong><\/em><\/p>\n\n\n\n<figure class=\"wp-block-image\"><img decoding=\"async\" loading=\"lazy\" width=\"1024\" height=\"683\" src=\"http:\/\/realnews-beilngries.de\/wp-content\/uploads\/2020\/07\/IMG_8100-1024x683.jpg\" alt=\"\" class=\"wp-image-1921\" srcset=\"http:\/\/realnews-beilngries.de\/wp-content\/uploads\/2020\/07\/IMG_8100-1024x683.jpg 1024w, http:\/\/realnews-beilngries.de\/wp-content\/uploads\/2020\/07\/IMG_8100-300x200.jpg 300w, http:\/\/realnews-beilngries.de\/wp-content\/uploads\/2020\/07\/IMG_8100-768x512.jpg 768w\" sizes=\"(max-width: 1024px) 100vw, 1024px\" \/><\/figure>\n\n\n\n<p>Die Schulleitung und die beiden Organisatorinnen zeichneten folgende Sch\u00fcler*innen f\u00fcr ihre Gem\u00e4lde aus: Magdalena Arnold (5B), Constantin H\u00e4rtel (5B), Adaeze Igbo (5C); Chiara Birnbach (6A), Rebekka Schneider (6C), Hanna Semler (6C); Raphaela G\u00f6\u00dfl (7A), Milena Grad (7A), Eugen Besser (7C); Alexander H\u00e4rtl (8A), Christina Herrmann (8B), Marie Herzner (8B); Anna Freytag (9C).<\/p>\n\n\n\n<figure class=\"wp-block-image\"><img decoding=\"async\" loading=\"lazy\" width=\"1024\" height=\"683\" src=\"http:\/\/realnews-beilngries.de\/wp-content\/uploads\/2020\/07\/IMG_8111-1024x683.jpg\" alt=\"\" class=\"wp-image-1924\" srcset=\"http:\/\/realnews-beilngries.de\/wp-content\/uploads\/2020\/07\/IMG_8111-1024x683.jpg 1024w, http:\/\/realnews-beilngries.de\/wp-content\/uploads\/2020\/07\/IMG_8111-300x200.jpg 300w, http:\/\/realnews-beilngries.de\/wp-content\/uploads\/2020\/07\/IMG_8111-768x512.jpg 768w\" sizes=\"(max-width: 1024px) 100vw, 1024px\" \/><\/figure>\n\n\n\n<p>Die Gewinner*innen erhielten jeweils eine gerahmte Zusammenschau ihrer Kunstwerke zur Erinnerung. <em>Realnews-Beilngries<\/em> gratuliert ganz herzlich und w\u00fcnscht euch auch in der Zukunft viel Kreativit\u00e4t.<\/p>\n","protected":false},"excerpt":{"rendered":"<p>W\u00e4hrend des Corona-Lockdowns setzten sie k\u00fcnstlerisch ein Zeichen f\u00fcr unsere Schulgemeinschaft: die Teilnehmer des Corona-Malwettbewerbs, organisiert von Frau Brunnthaler-F\u00fchrer und Frau Duft. Die besten Werke<\/p>\n","protected":false},"author":19,"featured_media":1927,"comment_status":"open","ping_status":"open","sticky":false,"template":"","format":"standard","meta":[],"categories":[2],"tags":[98],"_links":{"self":[{"href":"http:\/\/realnews-beilngries.de\/index.php?rest_route=\/wp\/v2\/posts\/1925"}],"collection":[{"href":"http:\/\/realnews-beilngries.de\/index.php?rest_route=\/wp\/v2\/posts"}],"about":[{"href":"http:\/\/realnews-beilngries.de\/index.php?rest_route=\/wp\/v2\/types\/post"}],"author":[{"embeddable":true,"href":"http:\/\/realnews-beilngries.de\/index.php?rest_route=\/wp\/v2\/users\/19"}],"replies":[{"embeddable":true,"href":"http:\/\/realnews-beilngries.de\/index.php?rest_route=%2Fwp%2Fv2%2Fcomments&post=1925"}],"version-history":[{"count":1,"href":"http:\/\/realnews-beilngries.de\/index.php?rest_route=\/wp\/v2\/posts\/1925\/revisions"}],"predecessor-version":[{"id":1926,"href":"http:\/\/realnews-beilngries.de\/index.php?rest_route=\/wp\/v2\/posts\/1925\/revisions\/1926"}],"wp:featuredmedia":[{"embeddable":true,"href":"http:\/\/realnews-beilngries.de\/index.php?rest_route=\/wp\/v2\/media\/1927"}],"wp:attachment":[{"href":"http:\/\/realnews-beilngries.de\/index.php?rest_route=%2Fwp%2Fv2%2Fmedia&parent=1925"}],"wp:term":[{"taxonomy":"category","embeddable":true,"href":"http:\/\/realnews-beilngries.de\/index.php?rest_route=%2Fwp%2Fv2%2Fcategories&post=1925"},{"taxonomy":"post_tag","embeddable":true,"href":"http:\/\/realnews-beilngries.de\/index.php?rest_route=%2Fwp%2Fv2%2Ftags&post=1925"}],"curies":[{"name":"wp","href":"https:\/\/api.w.org\/{rel}","templated":true}]}}