{"id":1907,"date":"2020-07-01T09:44:10","date_gmt":"2020-07-01T07:44:10","guid":{"rendered":"http:\/\/realnews-beilngries.de\/?p=1907"},"modified":"2020-07-01T10:05:48","modified_gmt":"2020-07-01T08:05:48","slug":"start-in-die-abschlusspruefungen-2020","status":"publish","type":"post","link":"http:\/\/realnews-beilngries.de\/?p=1907","title":{"rendered":"Start in die Abschlusspr\u00fcfungen 2020!"},"content":{"rendered":"\n<p><strong><em>Heute ist endlich der Startschuss zu den diesj\u00e4hrigen Abschlusspr\u00fcfungen gefallen: Und wie immer beginnt der Pr\u00fcfungs-Marathon an unserer ARB mit dem Fach Deutsch.<\/em><\/strong><\/p>\n\n\n\n<p>101 (mehr oder weniger aufgeregte) Sch\u00fcler*innen betraten heute Morgen zur ersten von insgesamt vier Abschlusspr\u00fcfungen die B\u00fchler-Halle: Hinter ihnen liegen sieben Wochen, in denen sie im Unterricht intensiv auf ihre Pr\u00fcfungsf\u00e4cher vorbereitet wurden. Vor ihnen liegen zun\u00e4chst einmal vier Stunden Deutsch-Aufsatz&#8230;und ab morgen dann alle weiteren Fachpr\u00fcfungen.<\/p>\n\n\n\n<p><em><strong>Realnews-beilngries.de<\/strong><\/em> w\u00fcnscht allen Zehntkl\u00e4sslern viel Ausdauer und Erfolg!<\/p>\n","protected":false},"excerpt":{"rendered":"<p>Heute ist endlich der Startschuss zu den diesj\u00e4hrigen Abschlusspr\u00fcfungen gefallen: Und wie immer beginnt der Pr\u00fcfungs-Marathon an unserer ARB mit dem Fach Deutsch. 101 (mehr<\/p>\n","protected":false},"author":19,"featured_media":1906,"comment_status":"open","ping_status":"open","sticky":false,"template":"","format":"standard","meta":[],"categories":[5],"tags":[58],"_links":{"self":[{"href":"http:\/\/realnews-beilngries.de\/index.php?rest_route=\/wp\/v2\/posts\/1907"}],"collection":[{"href":"http:\/\/realnews-beilngries.de\/index.php?rest_route=\/wp\/v2\/posts"}],"about":[{"href":"http:\/\/realnews-beilngries.de\/index.php?rest_route=\/wp\/v2\/types\/post"}],"author":[{"embeddable":true,"href":"http:\/\/realnews-beilngries.de\/index.php?rest_route=\/wp\/v2\/users\/19"}],"replies":[{"embeddable":true,"href":"http:\/\/realnews-beilngries.de\/index.php?rest_route=%2Fwp%2Fv2%2Fcomments&post=1907"}],"version-history":[{"count":1,"href":"http:\/\/realnews-beilngries.de\/index.php?rest_route=\/wp\/v2\/posts\/1907\/revisions"}],"predecessor-version":[{"id":1908,"href":"http:\/\/realnews-beilngries.de\/index.php?rest_route=\/wp\/v2\/posts\/1907\/revisions\/1908"}],"wp:featuredmedia":[{"embeddable":true,"href":"http:\/\/realnews-beilngries.de\/index.php?rest_route=\/wp\/v2\/media\/1906"}],"wp:attachment":[{"href":"http:\/\/realnews-beilngries.de\/index.php?rest_route=%2Fwp%2Fv2%2Fmedia&parent=1907"}],"wp:term":[{"taxonomy":"category","embeddable":true,"href":"http:\/\/realnews-beilngries.de\/index.php?rest_route=%2Fwp%2Fv2%2Fcategories&post=1907"},{"taxonomy":"post_tag","embeddable":true,"href":"http:\/\/realnews-beilngries.de\/index.php?rest_route=%2Fwp%2Fv2%2Ftags&post=1907"}],"curies":[{"name":"wp","href":"https:\/\/api.w.org\/{rel}","templated":true}]}}