{"id":1869,"date":"2020-05-18T16:17:17","date_gmt":"2020-05-18T14:17:17","guid":{"rendered":"http:\/\/realnews-beilngries.de\/?p=1869"},"modified":"2020-05-18T19:28:27","modified_gmt":"2020-05-18T17:28:27","slug":"re-start-teil-iii-die-5-und-6-klassen-sind-zurueck","status":"publish","type":"post","link":"http:\/\/realnews-beilngries.de\/?p=1869","title":{"rendered":"Re-Start, Teil III: Die 5. und 6. Klassen sind zur\u00fcck!"},"content":{"rendered":"\n<p><em><strong>Am heutigen Montag, dem 18.05., wurde unsere Altm\u00fchltal-Realschule wieder etwas lebendiger: Die Sch\u00fcler*innen der 5. und 6. Klassen kehrten &#8211; zumindest zur H\u00e4lfte &#8211; nach neun langen Wochen wieder in ihre Klassenzimmer zur\u00fcck!<\/strong><\/em><\/p>\n\n\n\n<figure class=\"wp-block-image\"><img decoding=\"async\" loading=\"lazy\" width=\"1024\" height=\"807\" src=\"http:\/\/realnews-beilngries.de\/wp-content\/uploads\/2020\/05\/DSC_1865-1024x807.jpg\" alt=\"\" class=\"wp-image-1867\" srcset=\"http:\/\/realnews-beilngries.de\/wp-content\/uploads\/2020\/05\/DSC_1865-1024x807.jpg 1024w, http:\/\/realnews-beilngries.de\/wp-content\/uploads\/2020\/05\/DSC_1865-300x236.jpg 300w, http:\/\/realnews-beilngries.de\/wp-content\/uploads\/2020\/05\/DSC_1865-768x605.jpg 768w\" sizes=\"(max-width: 1024px) 100vw, 1024px\" \/><figcaption>Mit Abstand und Mundschutz: alles perfekt!<\/figcaption><\/figure>\n\n\n\n<p>Die erste gute Nachricht vorneweg: Alle wussten noch, wo sich die Schule und ihr Klassenzimmer befindet. Auch die 5C konnte ihren &#8222;neuen&#8220; Unterrichts-Container problemlos beziehen.<\/p>\n\n\n\n<p>Und die zweite gute Nachricht gleich hinterher: Wie auf den Fotos zu erkennen ist, hielten sich alle genauso problemlos an die aktuellen Hygiene-Regeln an unserer Schule. Mit Mundschutz und in ausreichendem Abstand ging es am Morgen wieder in die Klassenr\u00e4ume&#8230;zur ersten Schulstunde nach \u00fcber neun Wochen! Ob sich danach wohl immer noch alle so gefreut haben, wieder in die Schule zu d\u00fcrfen??? \ud83d\ude09<\/p>\n","protected":false},"excerpt":{"rendered":"<p>Am heutigen Montag, dem 18.05., wurde unsere Altm\u00fchltal-Realschule wieder etwas lebendiger: Die Sch\u00fcler*innen der 5. und 6. Klassen kehrten &#8211; zumindest zur H\u00e4lfte &#8211; nach<\/p>\n","protected":false},"author":19,"featured_media":1868,"comment_status":"open","ping_status":"open","sticky":false,"template":"","format":"standard","meta":[],"categories":[5],"tags":[98],"_links":{"self":[{"href":"http:\/\/realnews-beilngries.de\/index.php?rest_route=\/wp\/v2\/posts\/1869"}],"collection":[{"href":"http:\/\/realnews-beilngries.de\/index.php?rest_route=\/wp\/v2\/posts"}],"about":[{"href":"http:\/\/realnews-beilngries.de\/index.php?rest_route=\/wp\/v2\/types\/post"}],"author":[{"embeddable":true,"href":"http:\/\/realnews-beilngries.de\/index.php?rest_route=\/wp\/v2\/users\/19"}],"replies":[{"embeddable":true,"href":"http:\/\/realnews-beilngries.de\/index.php?rest_route=%2Fwp%2Fv2%2Fcomments&post=1869"}],"version-history":[{"count":2,"href":"http:\/\/realnews-beilngries.de\/index.php?rest_route=\/wp\/v2\/posts\/1869\/revisions"}],"predecessor-version":[{"id":1872,"href":"http:\/\/realnews-beilngries.de\/index.php?rest_route=\/wp\/v2\/posts\/1869\/revisions\/1872"}],"wp:featuredmedia":[{"embeddable":true,"href":"http:\/\/realnews-beilngries.de\/index.php?rest_route=\/wp\/v2\/media\/1868"}],"wp:attachment":[{"href":"http:\/\/realnews-beilngries.de\/index.php?rest_route=%2Fwp%2Fv2%2Fmedia&parent=1869"}],"wp:term":[{"taxonomy":"category","embeddable":true,"href":"http:\/\/realnews-beilngries.de\/index.php?rest_route=%2Fwp%2Fv2%2Fcategories&post=1869"},{"taxonomy":"post_tag","embeddable":true,"href":"http:\/\/realnews-beilngries.de\/index.php?rest_route=%2Fwp%2Fv2%2Ftags&post=1869"}],"curies":[{"name":"wp","href":"https:\/\/api.w.org\/{rel}","templated":true}]}}