{"id":1727,"date":"2020-02-14T12:24:42","date_gmt":"2020-02-14T11:24:42","guid":{"rendered":"http:\/\/realnews-beilngries.de\/?p=1727"},"modified":"2020-02-14T12:24:42","modified_gmt":"2020-02-14T11:24:42","slug":"rosen-zum-valentinstag","status":"publish","type":"post","link":"http:\/\/realnews-beilngries.de\/?p=1727","title":{"rendered":"Rosen zum Valentinstag!"},"content":{"rendered":"\n<p>Auch in diesem Jahr fand am Valentinstag die traditionelle Rosenaktion der SMV statt: Zahlreiche Sch\u00fclerinnen und Sch\u00fcler beschenkten sich gegenseitig &#8211; abh\u00e4ngig von der jeweiligen Gef\u00fchlslage &#8211; mit wei\u00dfen oder roten Rosen&#8230;und auch einige Lehrer durften sich \u00fcber eine Aufmerksamkeit freuen. \ud83d\ude09<\/p>\n\n\n\n<figure class=\"wp-block-image\"><img decoding=\"async\" loading=\"lazy\" width=\"699\" height=\"1024\" src=\"http:\/\/realnews-beilngries.de\/wp-content\/uploads\/2020\/02\/DSC_1758-699x1024.jpg\" alt=\"\" class=\"wp-image-1726\" srcset=\"http:\/\/realnews-beilngries.de\/wp-content\/uploads\/2020\/02\/DSC_1758-699x1024.jpg 699w, http:\/\/realnews-beilngries.de\/wp-content\/uploads\/2020\/02\/DSC_1758-205x300.jpg 205w, http:\/\/realnews-beilngries.de\/wp-content\/uploads\/2020\/02\/DSC_1758-768x1125.jpg 768w, http:\/\/realnews-beilngries.de\/wp-content\/uploads\/2020\/02\/DSC_1758.jpg 1794w\" sizes=\"(max-width: 699px) 100vw, 699px\" \/><\/figure>\n","protected":false},"excerpt":{"rendered":"<p>Auch in diesem Jahr fand am Valentinstag die traditionelle Rosenaktion der SMV statt: Zahlreiche Sch\u00fclerinnen und Sch\u00fcler beschenkten sich gegenseitig &#8211; abh\u00e4ngig von der jeweiligen<\/p>\n","protected":false},"author":19,"featured_media":1728,"comment_status":"open","ping_status":"open","sticky":false,"template":"","format":"standard","meta":[],"categories":[4],"tags":[93],"_links":{"self":[{"href":"http:\/\/realnews-beilngries.de\/index.php?rest_route=\/wp\/v2\/posts\/1727"}],"collection":[{"href":"http:\/\/realnews-beilngries.de\/index.php?rest_route=\/wp\/v2\/posts"}],"about":[{"href":"http:\/\/realnews-beilngries.de\/index.php?rest_route=\/wp\/v2\/types\/post"}],"author":[{"embeddable":true,"href":"http:\/\/realnews-beilngries.de\/index.php?rest_route=\/wp\/v2\/users\/19"}],"replies":[{"embeddable":true,"href":"http:\/\/realnews-beilngries.de\/index.php?rest_route=%2Fwp%2Fv2%2Fcomments&post=1727"}],"version-history":[{"count":1,"href":"http:\/\/realnews-beilngries.de\/index.php?rest_route=\/wp\/v2\/posts\/1727\/revisions"}],"predecessor-version":[{"id":1729,"href":"http:\/\/realnews-beilngries.de\/index.php?rest_route=\/wp\/v2\/posts\/1727\/revisions\/1729"}],"wp:featuredmedia":[{"embeddable":true,"href":"http:\/\/realnews-beilngries.de\/index.php?rest_route=\/wp\/v2\/media\/1728"}],"wp:attachment":[{"href":"http:\/\/realnews-beilngries.de\/index.php?rest_route=%2Fwp%2Fv2%2Fmedia&parent=1727"}],"wp:term":[{"taxonomy":"category","embeddable":true,"href":"http:\/\/realnews-beilngries.de\/index.php?rest_route=%2Fwp%2Fv2%2Fcategories&post=1727"},{"taxonomy":"post_tag","embeddable":true,"href":"http:\/\/realnews-beilngries.de\/index.php?rest_route=%2Fwp%2Fv2%2Ftags&post=1727"}],"curies":[{"name":"wp","href":"https:\/\/api.w.org\/{rel}","templated":true}]}}