{"id":1619,"date":"2019-12-13T12:54:43","date_gmt":"2019-12-13T11:54:43","guid":{"rendered":"http:\/\/realnews-beilngries.de\/?p=1619"},"modified":"2019-12-13T12:54:43","modified_gmt":"2019-12-13T11:54:43","slug":"technik-zum-anfassen","status":"publish","type":"post","link":"http:\/\/realnews-beilngries.de\/?p=1619","title":{"rendered":"Technik zum Anfassen"},"content":{"rendered":"\n<p><em><strong>Ein Beitrag von Arianna und Nele.<\/strong><\/em><\/p>\n\n\n\n<p>Der erste Wandertag des Schuljahres f\u00fchrte uns 6. Klassen in das <strong>\u201eMuseum Industriekultur\u201c <\/strong>in N\u00fcrnberg. Dort erfuhren wir einiges \u00fcber die Technik von damals und heute, z. B. welche Autos und Motorr\u00e4der fr\u00fcher benutzt wurden, aber auch, wie es damals in der Schule war.<\/p>\n\n\n\n<figure class=\"wp-block-image\"><img decoding=\"async\" loading=\"lazy\" width=\"1024\" height=\"768\" src=\"http:\/\/realnews-beilngries.de\/wp-content\/uploads\/2019\/12\/IMG_4773-1024x768.jpg\" alt=\"\" class=\"wp-image-1615\" srcset=\"http:\/\/realnews-beilngries.de\/wp-content\/uploads\/2019\/12\/IMG_4773-1024x768.jpg 1024w, http:\/\/realnews-beilngries.de\/wp-content\/uploads\/2019\/12\/IMG_4773-300x225.jpg 300w, http:\/\/realnews-beilngries.de\/wp-content\/uploads\/2019\/12\/IMG_4773-768x576.jpg 768w\" sizes=\"(max-width: 1024px) 100vw, 1024px\" \/><\/figure>\n\n\n\n<p>Zuerst durften wir frei durch das Museum laufen und konnten dort so manches entdecken&#8230; zum Beispiel alte Klassenr\u00e4ume, wie wir sie heutzutage nicht mehr kennen. Dabei fiel uns beim Probesitzen der St\u00fchle auf, dass diese eigentlich gar nicht so bequem sind wie unsere heutigen. Au\u00dferdem gab es damals auch das Holzscheitl-Knien, was zur Bestrafung der Kinder gedacht war: Die Sch\u00fcler mussten sich mit ihren Knien auf die Kante eines Holzscheits knien. Zum Gl\u00fcck haben wir heute solche Bestrafungsmethoden nicht mehr. Da sind uns die schriftlichen &#8222;Strafarbeiten&#8220; dann doch lieber&#8230; \ud83d\ude09<\/p>\n\n\n\n<figure class=\"wp-block-image\"><img decoding=\"async\" loading=\"lazy\" width=\"1024\" height=\"768\" src=\"http:\/\/realnews-beilngries.de\/wp-content\/uploads\/2019\/12\/IMG_4802-1024x768.jpg\" alt=\"\" class=\"wp-image-1616\" srcset=\"http:\/\/realnews-beilngries.de\/wp-content\/uploads\/2019\/12\/IMG_4802-1024x768.jpg 1024w, http:\/\/realnews-beilngries.de\/wp-content\/uploads\/2019\/12\/IMG_4802-300x225.jpg 300w, http:\/\/realnews-beilngries.de\/wp-content\/uploads\/2019\/12\/IMG_4802-768x576.jpg 768w\" sizes=\"(max-width: 1024px) 100vw, 1024px\" \/><\/figure>\n\n\n\n<p>Nachdem wir uns alles genau angeschaut hatten, durften wir dann noch selber ran \u2026 nein, nicht zum Schulb\u00e4nke-Testen, sondern an ein paar Experimente. Wir probierten zum Beispiel aus, was passieren w\u00fcrde, wenn wir keinen Anschnallgurt im Auto angelegt h\u00e4tten und das Fahrzeug irgendwo dagegen fahren w\u00fcrde.<\/p>\n\n\n\n<figure class=\"wp-block-image\"><img decoding=\"async\" loading=\"lazy\" width=\"1024\" height=\"768\" src=\"http:\/\/realnews-beilngries.de\/wp-content\/uploads\/2019\/12\/IMG_4841-1024x768.jpg\" alt=\"\" class=\"wp-image-1617\" srcset=\"http:\/\/realnews-beilngries.de\/wp-content\/uploads\/2019\/12\/IMG_4841-1024x768.jpg 1024w, http:\/\/realnews-beilngries.de\/wp-content\/uploads\/2019\/12\/IMG_4841-300x225.jpg 300w, http:\/\/realnews-beilngries.de\/wp-content\/uploads\/2019\/12\/IMG_4841-768x576.jpg 768w\" sizes=\"(max-width: 1024px) 100vw, 1024px\" \/><\/figure>\n\n\n\n<p><strong>Fazit:<\/strong> Der Tag hat eigentlich ziemlich viel Spa\u00df gemacht, besonders das Experimentieren. \ud83d\ude42<\/p>\n\n\n\n<figure class=\"wp-block-image\"><img decoding=\"async\" loading=\"lazy\" width=\"1024\" height=\"768\" src=\"http:\/\/realnews-beilngries.de\/wp-content\/uploads\/2019\/12\/IMG_4860-1024x768.jpg\" alt=\"\" class=\"wp-image-1618\" srcset=\"http:\/\/realnews-beilngries.de\/wp-content\/uploads\/2019\/12\/IMG_4860-1024x768.jpg 1024w, http:\/\/realnews-beilngries.de\/wp-content\/uploads\/2019\/12\/IMG_4860-300x225.jpg 300w, http:\/\/realnews-beilngries.de\/wp-content\/uploads\/2019\/12\/IMG_4860-768x576.jpg 768w\" sizes=\"(max-width: 1024px) 100vw, 1024px\" \/><\/figure>\n","protected":false},"excerpt":{"rendered":"<p>Ein Beitrag von Arianna und Nele. Der erste Wandertag des Schuljahres f\u00fchrte uns 6. Klassen in das \u201eMuseum Industriekultur\u201c in N\u00fcrnberg. Dort erfuhren wir einiges<\/p>\n","protected":false},"author":19,"featured_media":1614,"comment_status":"open","ping_status":"open","sticky":false,"template":"","format":"standard","meta":[],"categories":[6],"tags":[83],"_links":{"self":[{"href":"http:\/\/realnews-beilngries.de\/index.php?rest_route=\/wp\/v2\/posts\/1619"}],"collection":[{"href":"http:\/\/realnews-beilngries.de\/index.php?rest_route=\/wp\/v2\/posts"}],"about":[{"href":"http:\/\/realnews-beilngries.de\/index.php?rest_route=\/wp\/v2\/types\/post"}],"author":[{"embeddable":true,"href":"http:\/\/realnews-beilngries.de\/index.php?rest_route=\/wp\/v2\/users\/19"}],"replies":[{"embeddable":true,"href":"http:\/\/realnews-beilngries.de\/index.php?rest_route=%2Fwp%2Fv2%2Fcomments&post=1619"}],"version-history":[{"count":1,"href":"http:\/\/realnews-beilngries.de\/index.php?rest_route=\/wp\/v2\/posts\/1619\/revisions"}],"predecessor-version":[{"id":1620,"href":"http:\/\/realnews-beilngries.de\/index.php?rest_route=\/wp\/v2\/posts\/1619\/revisions\/1620"}],"wp:featuredmedia":[{"embeddable":true,"href":"http:\/\/realnews-beilngries.de\/index.php?rest_route=\/wp\/v2\/media\/1614"}],"wp:attachment":[{"href":"http:\/\/realnews-beilngries.de\/index.php?rest_route=%2Fwp%2Fv2%2Fmedia&parent=1619"}],"wp:term":[{"taxonomy":"category","embeddable":true,"href":"http:\/\/realnews-beilngries.de\/index.php?rest_route=%2Fwp%2Fv2%2Fcategories&post=1619"},{"taxonomy":"post_tag","embeddable":true,"href":"http:\/\/realnews-beilngries.de\/index.php?rest_route=%2Fwp%2Fv2%2Ftags&post=1619"}],"curies":[{"name":"wp","href":"https:\/\/api.w.org\/{rel}","templated":true}]}}