{"id":1205,"date":"2019-06-25T22:45:00","date_gmt":"2019-06-25T20:45:00","guid":{"rendered":"http:\/\/realnews-beilngries.de\/?p=1205"},"modified":"2019-06-25T22:45:00","modified_gmt":"2019-06-25T20:45:00","slug":"der-countdown-laeuft","status":"publish","type":"post","link":"http:\/\/realnews-beilngries.de\/?p=1205","title":{"rendered":"DER COUNTDOWN L\u00c4UFT!"},"content":{"rendered":"\n<p><strong>+++ Ein Beitrag \u00fcber die Vorbereitungen zu den Abschlusspr\u00fcfungen von Chiara und Xenia +++<\/strong><\/p>\n\n\n\n<p>Am 11.06 haben die\nPfingstferien begonnen. F\u00fcr die einen sind sie meist entspannt, f\u00fcr die anderen\nbedeutet das: zwei Wochen bis zur ersten Abschlusspr\u00fcfung!<\/p>\n\n\n\n<p>Bevor die Ferien angefangen haben, lernt man eigentlich schon in der Schule mit. Zur Vorbereitung f\u00fcr den letzten Mathetest \u00fcbt man genau dasselbe, was man f\u00fcr die Abschlusspr\u00fcfung \u00fcbt. In Englisch macht man auch alle m\u00f6glichen Tests durch, in Deutsch geht man alles Grundlegende f\u00fcr den TGA und die Er\u00f6rterung durch und in Sozi bekommt man ebenfalls \u00dcbungstests und redet vielleicht sogar eine Schulstunde \u00fcber eine Aufgabe, die man nicht so ganz nachvollziehen konnte. <\/p>\n\n\n\n<p><strong>Samstag, 08.06.; Xenia:<\/strong><\/p>\n\n\n\n<p>Heute habe ich mir die Sozialwesen-Definitionen am Laptop vollst\u00e4ndig abgetippt und ausgedruckt, damit ich sie sp\u00e4ter \u00fcbersichtlicher lernen kann.<\/p>\n\n\n\n<p><strong>Sonntag, 09.06.; Chiara:<\/strong><\/p>\n\n\n\n<p>Wenn die Ferien dann mal da sind, hat man keine Ahnung, wo man anfangen soll. Mir ging\u00b4s genauso, weshalb ich mir erst mal gedacht hab: \u201eIch fang erst Sonntag an und bis dahin werde ich schon wissen, wie ich loslege.\u201c Tja. Eher falsch gedacht! F\u00fcr Sozi hab ich nat\u00fcrlich schon l\u00e4ngst angefangen gehabt und wollte mal einen Tag nichts \u00fcber Familie, Gruppen, Normen und so weiter wissen. Richtig lernen wollte ich dann auch erst mal nicht. Also hab ich meinen ganzen Deutsch-Ordner ausgeleert und alles sortiert. Es gab einen Stapel f\u00fcr unwichtig, TGA, Er\u00f6rterung und nat\u00fcrlich auch einen f\u00fcr die m\u00fcndliche Pr\u00fcfung. Um mich dann noch eine Weile vom Lernen zu dr\u00fccken, hab ich das gleiche f\u00fcr Englisch gemacht. Einen Stapel Bl\u00e4tter f\u00fcr das Guided Writing und einen f\u00fcr die Grammatik. Dass mich das so lange aufh\u00e4lt, hab ich nicht gedacht. (Und dass mein Zimmer so aussieht!)<\/p>\n\n\n\n<figure class=\"wp-block-image\"><img decoding=\"async\" loading=\"lazy\" width=\"572\" height=\"391\" src=\"http:\/\/realnews-beilngries.de\/wp-content\/uploads\/2019\/06\/Zimmer.jpg\" alt=\"\" class=\"wp-image-1204\" srcset=\"http:\/\/realnews-beilngries.de\/wp-content\/uploads\/2019\/06\/Zimmer.jpg 572w, http:\/\/realnews-beilngries.de\/wp-content\/uploads\/2019\/06\/Zimmer-300x205.jpg 300w\" sizes=\"(max-width: 572px) 100vw, 572px\" \/><\/figure>\n\n\n\n<p><strong>Sonntag, 09.06.; Xenia:<\/strong><\/p>\n\n\n\n<p>Ich habe mir einen Lernplan erstellt, um eine \u00dcbersicht \u00fcber all das Pensum zu bekommen und jeden Tag zu wissen, was ich genau machen muss. Die Struktur ist f\u00fcr mich sehr wichtig, um nicht in Panik zu geraten, ob ich vielleicht doch wenig zu getan habe.<\/p>\n\n\n\n<figure class=\"wp-block-image\"><img decoding=\"async\" loading=\"lazy\" width=\"338\" height=\"520\" src=\"http:\/\/realnews-beilngries.de\/wp-content\/uploads\/2019\/06\/Lernplan.jpg\" alt=\"\" class=\"wp-image-1201\" srcset=\"http:\/\/realnews-beilngries.de\/wp-content\/uploads\/2019\/06\/Lernplan.jpg 338w, http:\/\/realnews-beilngries.de\/wp-content\/uploads\/2019\/06\/Lernplan-195x300.jpg 195w\" sizes=\"(max-width: 338px) 100vw, 338px\" \/><\/figure>\n\n\n\n<p><strong>Montag, 10.06; Chiara:<\/strong><\/p>\n\n\n\n<p>Am Montag hab ich mich dann auch endlich mal zusammengerissen und mich an den Schreibtisch gesetzt. Ich hab ein wenig Sozi gelernt, aber das war es dann auch. <\/p>\n\n\n\n<p><strong>Dienstag, 11.06.; Chiara:<\/strong><\/p>\n\n\n\n<p>Am Dienstag in der Fr\u00fch hat sich dann ein schlechtes Gef\u00fchl in mir breit gemacht und ein wenig Panik. Bei mir hilft nur eine Sache, damit ich etwas durchziehe: Eine To-do Liste. Ja, die meiste Zeit geht mit Sozi drauf, aber so lang ich nicht mindestens zwei Drittel davon kann, interessieren mich Mathe, Deutsch oder Englisch eher weniger.<\/p>\n\n\n\n<figure class=\"wp-block-image\"><img decoding=\"async\" loading=\"lazy\" width=\"351\" height=\"463\" src=\"http:\/\/realnews-beilngries.de\/wp-content\/uploads\/2019\/06\/To-do.jpg\" alt=\"\" class=\"wp-image-1203\" srcset=\"http:\/\/realnews-beilngries.de\/wp-content\/uploads\/2019\/06\/To-do.jpg 351w, http:\/\/realnews-beilngries.de\/wp-content\/uploads\/2019\/06\/To-do-227x300.jpg 227w\" sizes=\"(max-width: 351px) 100vw, 351px\" \/><\/figure>\n\n\n\n<p>F\u00fcr die zweite Woche hab ich dann vergessen, eine Liste zu machen, aber das Lernen lief trotzdem wie geschmiert. Und mit der richtigen Ausr\u00fcstung kann man auch mal bei achtundzwanzig Grad drau\u00dfen lernen.<\/p>\n\n\n\n<figure class=\"wp-block-image\"><img decoding=\"async\" loading=\"lazy\" width=\"333\" height=\"442\" src=\"http:\/\/realnews-beilngries.de\/wp-content\/uploads\/2019\/06\/Garten.jpg\" alt=\"\" class=\"wp-image-1200\" srcset=\"http:\/\/realnews-beilngries.de\/wp-content\/uploads\/2019\/06\/Garten.jpg 333w, http:\/\/realnews-beilngries.de\/wp-content\/uploads\/2019\/06\/Garten-226x300.jpg 226w\" sizes=\"(max-width: 333px) 100vw, 333px\" \/><\/figure>\n\n\n\n<p>Nur noch wenige Tage bis zum ersten Spektakel in der Turnhalle. Also sozusagen die Ruhe vor dem Sturm!\u00a0Nat\u00fcrlich haben wir alle ein wenig Angst. Und nat\u00fcrlich bekommen wir von unserem Umfeld gesagt: \u201eDu brauchst keine Angst haben. Du machst das schon!\u201c Jedoch find ich es ok, dass wir Angst haben. Klar haben wir uns von Anfang an darauf vorbereitet, aber wenn es dann bald soweit ist, ist es trotzdem anders. Jedoch werden wir es trotzdem schaffen!<\/p>\n\n\n\n<p><strong>Wir w\u00fcnschen allen anderen Zehntkl\u00e4sslern viel Gl\u00fcck f\u00fcr alle die Pr\u00fcfungen und wir dr\u00fccken euch die Daumen! Und Herrn Ettl w\u00fcnsch ich jetzt schon mal viel Spa\u00df beim Korrigieren der Guided Writings am Wochenende vom B\u00fcrgerfest!<\/strong><\/p>\n","protected":false},"excerpt":{"rendered":"<p>+++ Ein Beitrag \u00fcber die Vorbereitungen zu den Abschlusspr\u00fcfungen von Chiara und Xenia +++ Am 11.06 haben die Pfingstferien begonnen. F\u00fcr die einen sind sie<\/p>\n","protected":false},"author":19,"featured_media":1202,"comment_status":"open","ping_status":"open","sticky":false,"template":"","format":"standard","meta":[],"categories":[5],"tags":[58],"_links":{"self":[{"href":"http:\/\/realnews-beilngries.de\/index.php?rest_route=\/wp\/v2\/posts\/1205"}],"collection":[{"href":"http:\/\/realnews-beilngries.de\/index.php?rest_route=\/wp\/v2\/posts"}],"about":[{"href":"http:\/\/realnews-beilngries.de\/index.php?rest_route=\/wp\/v2\/types\/post"}],"author":[{"embeddable":true,"href":"http:\/\/realnews-beilngries.de\/index.php?rest_route=\/wp\/v2\/users\/19"}],"replies":[{"embeddable":true,"href":"http:\/\/realnews-beilngries.de\/index.php?rest_route=%2Fwp%2Fv2%2Fcomments&post=1205"}],"version-history":[{"count":1,"href":"http:\/\/realnews-beilngries.de\/index.php?rest_route=\/wp\/v2\/posts\/1205\/revisions"}],"predecessor-version":[{"id":1206,"href":"http:\/\/realnews-beilngries.de\/index.php?rest_route=\/wp\/v2\/posts\/1205\/revisions\/1206"}],"wp:featuredmedia":[{"embeddable":true,"href":"http:\/\/realnews-beilngries.de\/index.php?rest_route=\/wp\/v2\/media\/1202"}],"wp:attachment":[{"href":"http:\/\/realnews-beilngries.de\/index.php?rest_route=%2Fwp%2Fv2%2Fmedia&parent=1205"}],"wp:term":[{"taxonomy":"category","embeddable":true,"href":"http:\/\/realnews-beilngries.de\/index.php?rest_route=%2Fwp%2Fv2%2Fcategories&post=1205"},{"taxonomy":"post_tag","embeddable":true,"href":"http:\/\/realnews-beilngries.de\/index.php?rest_route=%2Fwp%2Fv2%2Ftags&post=1205"}],"curies":[{"name":"wp","href":"https:\/\/api.w.org\/{rel}","templated":true}]}}